{"id":110546,"date":"2019-08-16T09:30:50","date_gmt":"2019-08-16T12:30:50","guid":{"rendered":"http:\/\/www.caririemacao.com\/1\/?p=110546"},"modified":"2019-08-16T09:30:50","modified_gmt":"2019-08-16T12:30:50","slug":"trump-diz-que-china-esta-frente-a-extrema-forma-de-retaliacao","status":"publish","type":"post","link":"https:\/\/www.caririemacao.com\/1\/2019\/08\/16\/trump-diz-que-china-esta-frente-a-extrema-forma-de-retaliacao\/","title":{"rendered":"Trump diz que China est\u00e1 frente a &#8220;extrema forma de retalia\u00e7\u00e3o&#8221;"},"content":{"rendered":"\n<p>O presidente americano, Donald Trump, advertiu que a China se depara com uma &#8220;extrema forma de retalia\u00e7\u00e3o&#8221;, caso tome passos para se vingar de um plano dos Estados Unidos (EUA) de impor tarifas adicionais sobre importa\u00e7\u00f5es de produtos chineses.<\/p>\n\n\n\n<p>Trump fez a observa\u00e7\u00e3o nessa quinta-feira (15) ap\u00f3s a China ter manifestado a disposi\u00e7\u00e3o de tomar &#8220;medidas necess\u00e1rias&#8221; contra os EUA.<\/p>\n\n\n\n<p>O governo Trump planeja aplicar tarifas de 10% sobre um adicional de US$ 300 bilh\u00f5es em importa\u00e7\u00f5es de produtos chineses, em duas fases. Uma seria iniciada no dia 1\u00ba de setembro, e a outra no dia 15 de dezembro.<\/p>\n\n\n\n<p>Trump disse n\u00e3o acreditar que a China revide, mas afirmou que caso fa\u00e7a, &#8220;estar\u00e1 frente a uma extrema forma de retalia\u00e7\u00e3o&#8221;.<\/p>\n\n\n\n<p>Para o presidente norte-americano, a guerra comercial &#8220;terminar\u00e1 em pouco tempo&#8221;, pois &#8220;quanto mais tempo durar, a China ficar\u00e1 mais fraca e os Estados Unidos mais fortes&#8221;.<\/p>\n\n\n\n<h2 class=\"wp-block-heading\">Hong Kong<\/h2>\n\n\n\n<p>Ao se referir a Kong Kong, Donald Trump disse que espera conversar por telefone em breve com o presidente da China, Xi Jinping, sobre o pa\u00eds, onde protestos continuam.<\/p>\n\n\n\n<p>Ele afirmou que est\u00e1 preocupado com a situa\u00e7\u00e3o e que n\u00e3o gostaria de ver uma &#8220;repress\u00e3o violenta&#8221;.<\/p>\n\n\n\n<p>O presidente fez o coment\u00e1rio no momento em que policiais paramilitares v\u00eam se aglomerando em Shenzhen, uma cidade vizinha de Hong Kong.<\/p>\n\n\n\n<p>Trump quer que a China &#8220;resolva o problema de forma humana&#8221;.<\/p>\n","protected":false},"excerpt":{"rendered":"<p>O presidente americano, Donald Trump, advertiu que a China se depara com uma &#8220;extrema forma de retalia\u00e7\u00e3o&#8221;, caso tome passos para se vingar de um&hellip; <\/p>\n","protected":false},"author":1,"featured_media":110547,"comment_status":"closed","ping_status":"closed","sticky":false,"template":"","format":"standard","meta":{"sfsi_plus_gutenberg_text_before_share":"","sfsi_plus_gutenberg_show_text_before_share":"","sfsi_plus_gutenberg_icon_type":"","sfsi_plus_gutenberg_icon_alignemt":"","sfsi_plus_gutenburg_max_per_row":"","footnotes":""},"categories":[2],"tags":[],"class_list":["post-110546","post","type-post","status-publish","format-standard","has-post-thumbnail","hentry","category-geral"],"_links":{"self":[{"href":"https:\/\/www.caririemacao.com\/1\/wp-json\/wp\/v2\/posts\/110546","targetHints":{"allow":["GET"]}}],"collection":[{"href":"https:\/\/www.caririemacao.com\/1\/wp-json\/wp\/v2\/posts"}],"about":[{"href":"https:\/\/www.caririemacao.com\/1\/wp-json\/wp\/v2\/types\/post"}],"author":[{"embeddable":true,"href":"https:\/\/www.caririemacao.com\/1\/wp-json\/wp\/v2\/users\/1"}],"replies":[{"embeddable":true,"href":"https:\/\/www.caririemacao.com\/1\/wp-json\/wp\/v2\/comments?post=110546"}],"version-history":[{"count":1,"href":"https:\/\/www.caririemacao.com\/1\/wp-json\/wp\/v2\/posts\/110546\/revisions"}],"predecessor-version":[{"id":110548,"href":"https:\/\/www.caririemacao.com\/1\/wp-json\/wp\/v2\/posts\/110546\/revisions\/110548"}],"wp:featuredmedia":[{"embeddable":true,"href":"https:\/\/www.caririemacao.com\/1\/wp-json\/wp\/v2\/media\/110547"}],"wp:attachment":[{"href":"https:\/\/www.caririemacao.com\/1\/wp-json\/wp\/v2\/media?parent=110546"}],"wp:term":[{"taxonomy":"category","embeddable":true,"href":"https:\/\/www.caririemacao.com\/1\/wp-json\/wp\/v2\/categories?post=110546"},{"taxonomy":"post_tag","embeddable":true,"href":"https:\/\/www.caririemacao.com\/1\/wp-json\/wp\/v2\/tags?post=110546"}],"curies":[{"name":"wp","href":"https:\/\/api.w.org\/{rel}","templated":true}]}}