{"id":110562,"date":"2019-08-16T09:53:55","date_gmt":"2019-08-16T12:53:55","guid":{"rendered":"http:\/\/www.caririemacao.com\/1\/?p=110562"},"modified":"2019-08-16T09:53:55","modified_gmt":"2019-08-16T12:53:55","slug":"filho-de-flordelis-afirma-que-ordem-para-matar-o-pai-saiu-do-telefone-da-mae","status":"publish","type":"post","link":"https:\/\/www.caririemacao.com\/1\/2019\/08\/16\/filho-de-flordelis-afirma-que-ordem-para-matar-o-pai-saiu-do-telefone-da-mae\/","title":{"rendered":"Filho de Flordelis afirma que ordem para matar o pai saiu do telefone da m\u00e3e"},"content":{"rendered":"\n<p>Em um dos seus depoimentos \u00e0 Pol\u00edcia Civil, Lucas C\u00e9zar dos Santos de Souza, filho adotivo da pastora e deputada federal Flordelis dos Santos de Souza e de Anderson do Carmo, afirmou que, tr\u00eas meses antes do crime, recebeu mensagens enviadas do celular da pr\u00f3pria m\u00e3e pedindo que ele matasse o pai. O rapaz relata ainda que era comum v\u00e1rias pessoas na casa usarem o telefone da pastora.<\/p>\n\n\n\n<p>Lucas foi indiciado pela Pol\u00edcia Civil por participa\u00e7\u00e3o no crime. De acordo com a investiga\u00e7\u00e3o, ele ajudou o irm\u00e3o, Fl\u00e1vio dos Santos Rodrigues, a comprar a pistola usada para executar o pastor. Lucas afirma que n\u00e3o sabia que a arma seria usada no crime. Nesta sexta-feira, a morte do pastor Anderson completa dois meses.<\/p>\n\n\n\n<p>Lucas relatou aos agentes que horas ap\u00f3s ter recebido as mensagens, ligou para o telefone da m\u00e3e e soube que a pastora n\u00e3o estava em casa, pois a liga\u00e7\u00e3o n\u00e3o foi atendida por ela. O rapaz contou que esteve na resid\u00eancia da fam\u00edlia, no mesmo dia, e mostrou as mensagens para Flordelis, que ficou nervosa.<\/p>\n\n\n\n<p>O filho da pastora tamb\u00e9m revelou que na v\u00e9spera do dia em que recebeu as mensagens, uma de suas irm\u00e3s adotivas, Marzy, lhe procurou e ofereceu R$ 5 mil para que ele matasse Anderson. De acordo com Lucas, no in\u00edcio da conversa, a irm\u00e3 afirmou que Anderson estava insuport\u00e1vel e ningu\u00e9m mais o suportava na casa. Lucas disse que se negou a fazer o que a irm\u00e3 lhe pediu e alegou que n\u00e3o tinha por que fazer nada contra Anderson, pois tudo que ele precisava, o pai lhe dava. Marzy Teixeira da Silva, de 35 anos, \u00e9 uma das filhas adotivas de Flordelis.<\/p>\n\n\n\n<p>O rapaz tamb\u00e9m relatou que, na mesma \u00e9poca, foi chamado na casa da fam\u00edlia, de madrugada, pela mesma irm\u00e3 adotiva. A mulher o recebeu no port\u00e3o, no lado de fora da casa, e perguntou se ele \u201cfaria\u201d o Anderson. Nessa ocasi\u00e3o, Lucas afirma que a irm\u00e3 lhe ofereceu R$ 5 mil e afirmou que ele poderia ficar com os rel\u00f3gios do pastor. Ele se recusou a cometer o crime e afirma ter ficado desesperado, com medo que o pastor fosse morto e ele, responsabilizado pelo crime. Lucas tamb\u00e9m afirmou aos policiais que o celular que utilizava na \u00e9poca e no qual recebeu as mensagens n\u00e3o era o mesmo que utilizava atualmente, antes de ser preso.<\/p>\n\n\n\n<p>Procurada, a assessoria de imprensa de Flordelis afirmou que ela e a filha n\u00e3o comentariam o depoimento de Lucas.<\/p>\n\n\n\n<p>Na noite dessa quinta-feira, Lucas e Fl\u00e1vio foram denunciados pelo Minist\u00e9rio P\u00fablico estadual pelo crime de homic\u00eddio triplamente qualificado (por motivo torpe, meio cruel e impossibilidade de defesa da v\u00edtima). Fl\u00e1vio \u00e9 acusado de ter atirado contra o pastor. Ele confessou o crime. J\u00e1 Lucas nega envolvimento no assassinato. O inqu\u00e9rito da Delegacia de Homic\u00eddios de Niter\u00f3i e S\u00e3o Gon\u00e7alo foi desmembrado para prosseguir com as investiga\u00e7\u00f5es em rela\u00e7\u00e3o a outras pessoas que podem ter envolvimento com o caso, entre elas Flordelis.<\/p>\n\n\n\n<p>Em coletiva de imprensa realizada nessa quinta-feira, a delegada titular da DH Niter\u00f3i, B\u00e1rbara Lomba, n\u00e3o descartou a participa\u00e7\u00e3o da deputada na morte do marido.<\/p>\n\n\n\n<p>&#8211; O crime foi cometido em um ambiente familiar e h\u00e1 outros envolvidos (al\u00e9m de Fl\u00e1vio e Lucas) e h\u00e1 uma motiva\u00e7\u00e3o final &#8211; disse B\u00e1rbara. &#8211; O contexto todo da fam\u00edlia est\u00e1 sendo investigado. E a deputada faz parte da fam\u00edlia &#8211; afirmou a delegada.<\/p>\n\n\n\n<p>B\u00e1rbara revelou ainda que a pol\u00edcia acredita que a motiva\u00e7\u00e3o do crime esteja relacionada a quest\u00e3o financeira:<\/p>\n\n\n\n<p>&#8211; De uma forma geral, o que h\u00e1 nesta altura da investiga\u00e7\u00e3o \u00e9 que a motiva\u00e7\u00e3o seria por raz\u00f5es financeiras, de administra\u00e7\u00e3o de bens. Ent\u00e3o, isso seria uma das linhas. Ent\u00e3o, uma das qualificadoras do crime seria por motivo torpe por essa raz\u00e3o &#8211; disse ela.<\/p>\n","protected":false},"excerpt":{"rendered":"<p>Em um dos seus depoimentos \u00e0 Pol\u00edcia Civil, Lucas C\u00e9zar dos Santos de Souza, filho adotivo da pastora e deputada federal Flordelis dos Santos de&hellip; <\/p>\n","protected":false},"author":1,"featured_media":110563,"comment_status":"closed","ping_status":"closed","sticky":false,"template":"","format":"standard","meta":{"sfsi_plus_gutenberg_text_before_share":"","sfsi_plus_gutenberg_show_text_before_share":"","sfsi_plus_gutenberg_icon_type":"","sfsi_plus_gutenberg_icon_alignemt":"","sfsi_plus_gutenburg_max_per_row":"","footnotes":""},"categories":[12],"tags":[],"class_list":["post-110562","post","type-post","status-publish","format-standard","has-post-thumbnail","hentry","category-policia"],"_links":{"self":[{"href":"https:\/\/www.caririemacao.com\/1\/wp-json\/wp\/v2\/posts\/110562","targetHints":{"allow":["GET"]}}],"collection":[{"href":"https:\/\/www.caririemacao.com\/1\/wp-json\/wp\/v2\/posts"}],"about":[{"href":"https:\/\/www.caririemacao.com\/1\/wp-json\/wp\/v2\/types\/post"}],"author":[{"embeddable":true,"href":"https:\/\/www.caririemacao.com\/1\/wp-json\/wp\/v2\/users\/1"}],"replies":[{"embeddable":true,"href":"https:\/\/www.caririemacao.com\/1\/wp-json\/wp\/v2\/comments?post=110562"}],"version-history":[{"count":1,"href":"https:\/\/www.caririemacao.com\/1\/wp-json\/wp\/v2\/posts\/110562\/revisions"}],"predecessor-version":[{"id":110564,"href":"https:\/\/www.caririemacao.com\/1\/wp-json\/wp\/v2\/posts\/110562\/revisions\/110564"}],"wp:featuredmedia":[{"embeddable":true,"href":"https:\/\/www.caririemacao.com\/1\/wp-json\/wp\/v2\/media\/110563"}],"wp:attachment":[{"href":"https:\/\/www.caririemacao.com\/1\/wp-json\/wp\/v2\/media?parent=110562"}],"wp:term":[{"taxonomy":"category","embeddable":true,"href":"https:\/\/www.caririemacao.com\/1\/wp-json\/wp\/v2\/categories?post=110562"},{"taxonomy":"post_tag","embeddable":true,"href":"https:\/\/www.caririemacao.com\/1\/wp-json\/wp\/v2\/tags?post=110562"}],"curies":[{"name":"wp","href":"https:\/\/api.w.org\/{rel}","templated":true}]}}