{"id":110569,"date":"2019-08-16T09:57:34","date_gmt":"2019-08-16T12:57:34","guid":{"rendered":"http:\/\/www.caririemacao.com\/1\/?p=110569"},"modified":"2019-08-16T09:57:34","modified_gmt":"2019-08-16T12:57:34","slug":"pedagios-da-br-101-no-rio-de-janeiro-sao-reajustados","status":"publish","type":"post","link":"https:\/\/www.caririemacao.com\/1\/2019\/08\/16\/pedagios-da-br-101-no-rio-de-janeiro-sao-reajustados\/","title":{"rendered":"Ped\u00e1gios da BR-101 no Rio de Janeiro s\u00e3o reajustados"},"content":{"rendered":"\n<p>Entrou em vigor a zero hora de hoje (16) o novo valor da tarifa dos ped\u00e1gios da rodovia BR-101, no estado do Rio de Janeiro, no trecho de 320 quil\u00f4metros (km) operado pela Concession\u00e1ria Autopista Fluminense. O reajuste de 5,5% foi autorizado pela Ag\u00eancia Nacional de Transportes Terrestres (ANTT) e publicado no&nbsp;<em>Di\u00e1rio Oficial da Uni\u00e3o<\/em>&nbsp;(DOU) de quarta-feira (14).<\/p>\n\n\n\n<p>A tarifa para carro de passeio passa de R$ 5,50 para R$ 5,80 nas pra\u00e7as de ped\u00e1gio de Campos dos Goytacazes, Concei\u00e7\u00e3o de Macabu, Casimiro de Abreu, Rio Bonito e S\u00e3o Gon\u00e7alo.<\/p>\n\n\n\n<p>Segundo a ANTT, o reajuste anual \u00e9 calculado levando em conta a corre\u00e7\u00e3o monet\u00e1ria pela varia\u00e7\u00e3o do \u00cdndice de Pre\u00e7os ao Consumidor Amplo (IPCA), o equil\u00edbrio econ\u00f4mico-financeiro celebrado no contrato de concess\u00e3o e compensa\u00e7\u00f5es por descumprimentos de cl\u00e1usulas contratuais, se for o caso.<\/p>\n","protected":false},"excerpt":{"rendered":"<p>Entrou em vigor a zero hora de hoje (16) o novo valor da tarifa dos ped\u00e1gios da rodovia BR-101, no estado do Rio de Janeiro,&hellip; <\/p>\n","protected":false},"author":1,"featured_media":9440,"comment_status":"closed","ping_status":"closed","sticky":false,"template":"","format":"standard","meta":{"sfsi_plus_gutenberg_text_before_share":"","sfsi_plus_gutenberg_show_text_before_share":"","sfsi_plus_gutenberg_icon_type":"","sfsi_plus_gutenberg_icon_alignemt":"","sfsi_plus_gutenburg_max_per_row":"","footnotes":""},"categories":[2],"tags":[],"class_list":["post-110569","post","type-post","status-publish","format-standard","has-post-thumbnail","hentry","category-geral"],"_links":{"self":[{"href":"https:\/\/www.caririemacao.com\/1\/wp-json\/wp\/v2\/posts\/110569","targetHints":{"allow":["GET"]}}],"collection":[{"href":"https:\/\/www.caririemacao.com\/1\/wp-json\/wp\/v2\/posts"}],"about":[{"href":"https:\/\/www.caririemacao.com\/1\/wp-json\/wp\/v2\/types\/post"}],"author":[{"embeddable":true,"href":"https:\/\/www.caririemacao.com\/1\/wp-json\/wp\/v2\/users\/1"}],"replies":[{"embeddable":true,"href":"https:\/\/www.caririemacao.com\/1\/wp-json\/wp\/v2\/comments?post=110569"}],"version-history":[{"count":1,"href":"https:\/\/www.caririemacao.com\/1\/wp-json\/wp\/v2\/posts\/110569\/revisions"}],"predecessor-version":[{"id":110570,"href":"https:\/\/www.caririemacao.com\/1\/wp-json\/wp\/v2\/posts\/110569\/revisions\/110570"}],"wp:featuredmedia":[{"embeddable":true,"href":"https:\/\/www.caririemacao.com\/1\/wp-json\/wp\/v2\/media\/9440"}],"wp:attachment":[{"href":"https:\/\/www.caririemacao.com\/1\/wp-json\/wp\/v2\/media?parent=110569"}],"wp:term":[{"taxonomy":"category","embeddable":true,"href":"https:\/\/www.caririemacao.com\/1\/wp-json\/wp\/v2\/categories?post=110569"},{"taxonomy":"post_tag","embeddable":true,"href":"https:\/\/www.caririemacao.com\/1\/wp-json\/wp\/v2\/tags?post=110569"}],"curies":[{"name":"wp","href":"https:\/\/api.w.org\/{rel}","templated":true}]}}