{"id":110577,"date":"2019-08-16T10:03:10","date_gmt":"2019-08-16T13:03:10","guid":{"rendered":"http:\/\/www.caririemacao.com\/1\/?p=110577"},"modified":"2019-08-16T10:03:10","modified_gmt":"2019-08-16T13:03:10","slug":"najila-pede-para-desarquivar-processo-contra-jogador-neymar","status":"publish","type":"post","link":"https:\/\/www.caririemacao.com\/1\/2019\/08\/16\/najila-pede-para-desarquivar-processo-contra-jogador-neymar\/","title":{"rendered":"Najila pede para desarquivar processo contra jogador Neymar"},"content":{"rendered":"\n<p>modelo Najila Trindade protocolou na Justi\u00e7a um pedido para desarquivar o inqu\u00e9rito de estupro contra o jogador de futebol Neymar. As informa\u00e7\u00f5es s\u00e3o da<strong>&nbsp;Record TV<\/strong>.<\/p>\n\n\n\n<p>A defesa de Najila alega que a pol\u00edcia civil n\u00e3o esgotou todas as possibilidades de investiga\u00e7\u00e3o.<\/p>\n\n\n\n<p>O MP-SP se posicionou contra o desarquivamento do caso. Agora cabe ao TJ-SP (Tribunal de Justi\u00e7a de S\u00e3o Paulo) decidir se o processo ser\u00e1 reaberto ou n\u00e3o.<\/p>\n\n\n\n<p><a href=\"https:\/\/noticias.r7.com\/sao-paulo\/caso-neymar-najila-participa-de-acareacao-com-porteiro-sobre-tablet-15082019\" target=\"_blank\" rel=\"noreferrer noopener\"><strong>modelo participou de uma acarea\u00e7\u00e3o na tarde da quarta-feira (14) com o porteiro do pr\u00e9dio onde mora<\/strong><\/a>, Marcelo Oliveira Gusm\u00e3o. Os dois estiveram no 11\u00ba DP (Santo Amaro), na zona sul, para esclarecerem pontos da investiga\u00e7\u00e3o sobre o furto de um tablet, dinheiro e rel\u00f3gio da modelo no apartamento dela.<\/p>\n\n\n\n<p>O porteiro do pr\u00e9dio chegou a registrar um boletim de ocorr\u00eancia contra Najila por amea\u00e7a, durante o inqu\u00e9rito que apurou a den\u00fancia de estupro contra o jogador Neymar.<\/p>\n\n\n\n<p>O advogado da modelo, Cosme Araujo dos Santos, afirmou que Najila respondeu a todas as perguntas da delegada e que ela segue sendo investigada no caso do sumi\u00e7o dos pertences no apartamento.<br><\/p>\n","protected":false},"excerpt":{"rendered":"<p>modelo Najila Trindade protocolou na Justi\u00e7a um pedido para desarquivar o inqu\u00e9rito de estupro contra o jogador de futebol Neymar. As informa\u00e7\u00f5es s\u00e3o da&nbsp;Record TV.&hellip; <\/p>\n","protected":false},"author":1,"featured_media":98542,"comment_status":"closed","ping_status":"closed","sticky":false,"template":"","format":"standard","meta":{"sfsi_plus_gutenberg_text_before_share":"","sfsi_plus_gutenberg_show_text_before_share":"","sfsi_plus_gutenberg_icon_type":"","sfsi_plus_gutenberg_icon_alignemt":"","sfsi_plus_gutenburg_max_per_row":"","footnotes":""},"categories":[2],"tags":[],"class_list":["post-110577","post","type-post","status-publish","format-standard","has-post-thumbnail","hentry","category-geral"],"_links":{"self":[{"href":"https:\/\/www.caririemacao.com\/1\/wp-json\/wp\/v2\/posts\/110577","targetHints":{"allow":["GET"]}}],"collection":[{"href":"https:\/\/www.caririemacao.com\/1\/wp-json\/wp\/v2\/posts"}],"about":[{"href":"https:\/\/www.caririemacao.com\/1\/wp-json\/wp\/v2\/types\/post"}],"author":[{"embeddable":true,"href":"https:\/\/www.caririemacao.com\/1\/wp-json\/wp\/v2\/users\/1"}],"replies":[{"embeddable":true,"href":"https:\/\/www.caririemacao.com\/1\/wp-json\/wp\/v2\/comments?post=110577"}],"version-history":[{"count":1,"href":"https:\/\/www.caririemacao.com\/1\/wp-json\/wp\/v2\/posts\/110577\/revisions"}],"predecessor-version":[{"id":110578,"href":"https:\/\/www.caririemacao.com\/1\/wp-json\/wp\/v2\/posts\/110577\/revisions\/110578"}],"wp:featuredmedia":[{"embeddable":true,"href":"https:\/\/www.caririemacao.com\/1\/wp-json\/wp\/v2\/media\/98542"}],"wp:attachment":[{"href":"https:\/\/www.caririemacao.com\/1\/wp-json\/wp\/v2\/media?parent=110577"}],"wp:term":[{"taxonomy":"category","embeddable":true,"href":"https:\/\/www.caririemacao.com\/1\/wp-json\/wp\/v2\/categories?post=110577"},{"taxonomy":"post_tag","embeddable":true,"href":"https:\/\/www.caririemacao.com\/1\/wp-json\/wp\/v2\/tags?post=110577"}],"curies":[{"name":"wp","href":"https:\/\/api.w.org\/{rel}","templated":true}]}}