{"id":110583,"date":"2019-08-16T10:09:04","date_gmt":"2019-08-16T13:09:04","guid":{"rendered":"http:\/\/www.caririemacao.com\/1\/?p=110583"},"modified":"2019-08-16T10:09:04","modified_gmt":"2019-08-16T13:09:04","slug":"quando-a-zoeira-entra-como-ferramenta-na-sala-de-aula","status":"publish","type":"post","link":"https:\/\/www.caririemacao.com\/1\/2019\/08\/16\/quando-a-zoeira-entra-como-ferramenta-na-sala-de-aula\/","title":{"rendered":"Quando a zoeira entra como ferramenta na sala de aula"},"content":{"rendered":"\n<p>Um sucesso nas redes sociais e muito presente nos celulares de crian\u00e7as e adolescentes, os memes tamb\u00e9m podem ser usados em sala de aula. Pode parecer estranho, mas a \u201czoeira\u201d \u00e9 uma express\u00e3o cultural e, sim, pode ser um recurso para os professores.<\/p>\n\n\n\n<p>Fotos, v\u00eddeos curtos, piadas, frases engra\u00e7adas escritas em letras garrafais s\u00e3o compartilhadas aos montes na internet. Humor, cr\u00edtica pol\u00edtica ou dos costumes est\u00e3o presentes nessa nova cultura digital dos jovens. \u201cMuitas vezes tratamos como irrelevante, mas \u00e9 uma linguagem usada para comunicar uma ideia ou posicionamento, para provocar e at\u00e9 namorar\u201d, diz Douglas Calixto, jornalista, mestre e doutorando em Ci\u00eancias da Comunica\u00e7\u00e3o pela ECA-USP. Ao compartilhar um meme, o estudante est\u00e1 expressando aquilo que pensa seja em forma de deboche ou de piada. \u00c9 uma forma de comunica\u00e7\u00e3o que pode ser usada em sala de aula tanto para an\u00e1lise cr\u00edtica do conte\u00fado ou mesmo incentivando os alunos na cria\u00e7\u00e3o dos memes.<\/p>\n\n\n\n<figure class=\"wp-block-image\"><img decoding=\"async\" src=\"https:\/\/img.r7.com\/images\/meme-na-historia-15082019160001359?dimensions=460x305&amp;&amp;&amp;&amp;resize=460x305&amp;crop=600x398+0+15&amp;&amp;&amp;resize=460x305&amp;crop=600x398+0+15\" alt=\"Professores podem discutir temas em sala de aula\"\/><\/figure>\n\n\n\n<h4 class=\"wp-block-heading\">Professores podem discutir temas em sala de aula<\/h4>\n\n\n\n<p><\/p>\n\n\n\n<p>\u201cMuitos memes carregam mensagens sexistas, racistas e de viol\u00eancia simb\u00f3lica, que devem ser discutidas pelos professores com os alunos na escola\u201d, observa Calixto. \u00c9 poss\u00edvel ensinar a rir sem ofender um determinado grupo, por exemplo. \u201cA capacidade de interpretar, de avaliar o que est\u00e1 por tr\u00e1s da piada \u00e9 uma habilidade importante a ser desenvolvida pelos estudantes\u201d, completa o professor da Escola de Comunica\u00e7\u00e3o e Artes da USP (Universidade de S\u00e3o Paulo), Claudemir Edson Viana.<\/p>\n\n\n\n<p>Produzir memes em sala de aula \u00e9 uma atividade pr\u00e1tica que promove autonomia das crian\u00e7as e adolescentes. Traz para a escola discuss\u00f5es sociais e tamb\u00e9m desenvolve a capacidade do jovem de se expressar. \u201cDentro de um projeto pedag\u00f3gico, \u00e9 poss\u00edvel usar refer\u00eancias de hist\u00f3ria ou f\u00edsica, por exemplo, para criar um meme\u201d, observa Calixto.<\/p>\n\n\n","protected":false},"excerpt":{"rendered":"<p>Um sucesso nas redes sociais e muito presente nos celulares de crian\u00e7as e adolescentes, os memes tamb\u00e9m podem ser usados em sala de aula. Pode&hellip; <\/p>\n","protected":false},"author":1,"featured_media":110584,"comment_status":"closed","ping_status":"closed","sticky":false,"template":"","format":"standard","meta":{"sfsi_plus_gutenberg_text_before_share":"","sfsi_plus_gutenberg_show_text_before_share":"","sfsi_plus_gutenberg_icon_type":"","sfsi_plus_gutenberg_icon_alignemt":"","sfsi_plus_gutenburg_max_per_row":"","footnotes":""},"categories":[14],"tags":[],"class_list":["post-110583","post","type-post","status-publish","format-standard","has-post-thumbnail","hentry","category-educacao"],"_links":{"self":[{"href":"https:\/\/www.caririemacao.com\/1\/wp-json\/wp\/v2\/posts\/110583","targetHints":{"allow":["GET"]}}],"collection":[{"href":"https:\/\/www.caririemacao.com\/1\/wp-json\/wp\/v2\/posts"}],"about":[{"href":"https:\/\/www.caririemacao.com\/1\/wp-json\/wp\/v2\/types\/post"}],"author":[{"embeddable":true,"href":"https:\/\/www.caririemacao.com\/1\/wp-json\/wp\/v2\/users\/1"}],"replies":[{"embeddable":true,"href":"https:\/\/www.caririemacao.com\/1\/wp-json\/wp\/v2\/comments?post=110583"}],"version-history":[{"count":1,"href":"https:\/\/www.caririemacao.com\/1\/wp-json\/wp\/v2\/posts\/110583\/revisions"}],"predecessor-version":[{"id":110585,"href":"https:\/\/www.caririemacao.com\/1\/wp-json\/wp\/v2\/posts\/110583\/revisions\/110585"}],"wp:featuredmedia":[{"embeddable":true,"href":"https:\/\/www.caririemacao.com\/1\/wp-json\/wp\/v2\/media\/110584"}],"wp:attachment":[{"href":"https:\/\/www.caririemacao.com\/1\/wp-json\/wp\/v2\/media?parent=110583"}],"wp:term":[{"taxonomy":"category","embeddable":true,"href":"https:\/\/www.caririemacao.com\/1\/wp-json\/wp\/v2\/categories?post=110583"},{"taxonomy":"post_tag","embeddable":true,"href":"https:\/\/www.caririemacao.com\/1\/wp-json\/wp\/v2\/tags?post=110583"}],"curies":[{"name":"wp","href":"https:\/\/api.w.org\/{rel}","templated":true}]}}