{"id":110587,"date":"2019-08-16T10:11:57","date_gmt":"2019-08-16T13:11:57","guid":{"rendered":"http:\/\/www.caririemacao.com\/1\/?p=110587"},"modified":"2019-08-16T10:11:57","modified_gmt":"2019-08-16T13:11:57","slug":"prf-retira-radares-moveis-da-fiscalizacao-das-rodovias-federais","status":"publish","type":"post","link":"https:\/\/www.caririemacao.com\/1\/2019\/08\/16\/prf-retira-radares-moveis-da-fiscalizacao-das-rodovias-federais\/","title":{"rendered":"PRF retira radares m\u00f3veis da fiscaliza\u00e7\u00e3o das rodovias federais"},"content":{"rendered":"\n<p>A Pol\u00edcia Rodovi\u00e1ria Federal (PRF), em cumprimento aos&nbsp;<a href=\"http:\/\/agenciabrasil.ebc.com.br\/geral\/noticia\/2019-08\/bolsonaro-manda-suspender-uso-de-radares-nas-rodovias-federais\" target=\"_blank\" rel=\"noreferrer noopener\">despachos do presidente da Rep\u00fablica, Jair Bolsonaro<\/a>, que determinou a suspens\u00e3o do uso de radares est\u00e1ticos, m\u00f3veis e port\u00e1teis nas rodovias federais, mandou recolher esses equipamentos do servi\u00e7o di\u00e1rio de fiscaliza\u00e7\u00e3o das rodovias federais at\u00e9 que o Minist\u00e9rio da Infraestrutura conclua a reavalia\u00e7\u00e3o da regulamenta\u00e7\u00e3o dos procedimentos de fiscaliza\u00e7\u00e3o eletr\u00f4nica de velocidade em vias p\u00fablicas.<\/p>\n\n\n\n<p>Nessa quinta-feira (15), a institui\u00e7\u00e3o emitiu<a href=\"https:\/\/www.prf.gov.br\/agencia\/wp-content\/uploads\/2019\/08\/Decisa%CC%83o-Administrativa-27.pdf\" target=\"_blank\" rel=\"noreferrer noopener\">nota circular administrativa<\/a>, ordenando aos gestores e servidores que procedam o &#8220;imediato cumprimento da decis\u00e3o presidencial at\u00e9 que o Minist\u00e9rio da Infraestrutura conclua a reavalia\u00e7\u00e3o da regulamenta\u00e7\u00e3o dos procedimentos de fiscaliza\u00e7\u00e3o eletr\u00f4nica de velocidade em vias p\u00fablicas&#8221;.<\/p>\n\n\n\n<p>A nota assinada pelo diretor-geral da PRF, Adriano Marcos Furtado, prev\u00ea tamb\u00e9m a revoga\u00e7\u00e3o dos atos administrativos internos que disp\u00f5em sobre a atividade de fiscaliza\u00e7\u00e3o eletr\u00f4nica de velocidade em rodovias e estradas federais e que sejam priorizadas revis\u00e3o dos normativos para simplifica\u00e7\u00e3o e desburocratiza\u00e7\u00e3o e consolida\u00e7\u00e3o para contemplar instrumentos que fomentem o \u201ccar\u00e1ter pedag\u00f3gico e a otimizar a efici\u00eancia das a\u00e7\u00f5es para incremento da seguran\u00e7a vi\u00e1ria\u201d.<\/p>\n\n\n\n<p>Ao deixar o Pal\u00e1cio da Alvorada, na manh\u00e3 de ontem, Bolsonaro disse que os radares fixos, aqueles instalados em postes ao lado das rodovias, n\u00e3o entram nessa suspens\u00e3o, pois o governo tem contratos com empresas que operam esses equipamentos. \u201cN\u00e3o vamos alterar contratos\u201d.<\/p>\n","protected":false},"excerpt":{"rendered":"<p>A Pol\u00edcia Rodovi\u00e1ria Federal (PRF), em cumprimento aos&nbsp;despachos do presidente da Rep\u00fablica, Jair Bolsonaro, que determinou a suspens\u00e3o do uso de radares est\u00e1ticos, m\u00f3veis e&hellip; <\/p>\n","protected":false},"author":1,"featured_media":91920,"comment_status":"closed","ping_status":"closed","sticky":false,"template":"","format":"standard","meta":{"sfsi_plus_gutenberg_text_before_share":"","sfsi_plus_gutenberg_show_text_before_share":"","sfsi_plus_gutenberg_icon_type":"","sfsi_plus_gutenberg_icon_alignemt":"","sfsi_plus_gutenburg_max_per_row":"","footnotes":""},"categories":[12],"tags":[],"class_list":["post-110587","post","type-post","status-publish","format-standard","has-post-thumbnail","hentry","category-policia"],"_links":{"self":[{"href":"https:\/\/www.caririemacao.com\/1\/wp-json\/wp\/v2\/posts\/110587","targetHints":{"allow":["GET"]}}],"collection":[{"href":"https:\/\/www.caririemacao.com\/1\/wp-json\/wp\/v2\/posts"}],"about":[{"href":"https:\/\/www.caririemacao.com\/1\/wp-json\/wp\/v2\/types\/post"}],"author":[{"embeddable":true,"href":"https:\/\/www.caririemacao.com\/1\/wp-json\/wp\/v2\/users\/1"}],"replies":[{"embeddable":true,"href":"https:\/\/www.caririemacao.com\/1\/wp-json\/wp\/v2\/comments?post=110587"}],"version-history":[{"count":1,"href":"https:\/\/www.caririemacao.com\/1\/wp-json\/wp\/v2\/posts\/110587\/revisions"}],"predecessor-version":[{"id":110588,"href":"https:\/\/www.caririemacao.com\/1\/wp-json\/wp\/v2\/posts\/110587\/revisions\/110588"}],"wp:featuredmedia":[{"embeddable":true,"href":"https:\/\/www.caririemacao.com\/1\/wp-json\/wp\/v2\/media\/91920"}],"wp:attachment":[{"href":"https:\/\/www.caririemacao.com\/1\/wp-json\/wp\/v2\/media?parent=110587"}],"wp:term":[{"taxonomy":"category","embeddable":true,"href":"https:\/\/www.caririemacao.com\/1\/wp-json\/wp\/v2\/categories?post=110587"},{"taxonomy":"post_tag","embeddable":true,"href":"https:\/\/www.caririemacao.com\/1\/wp-json\/wp\/v2\/tags?post=110587"}],"curies":[{"name":"wp","href":"https:\/\/api.w.org\/{rel}","templated":true}]}}