{"id":110597,"date":"2019-08-16T10:20:42","date_gmt":"2019-08-16T13:20:42","guid":{"rendered":"http:\/\/www.caririemacao.com\/1\/?p=110597"},"modified":"2019-08-16T10:20:42","modified_gmt":"2019-08-16T13:20:42","slug":"tite-anuncia-lista-da-selecao-com-neymar-e-algumas-novidades","status":"publish","type":"post","link":"https:\/\/www.caririemacao.com\/1\/2019\/08\/16\/tite-anuncia-lista-da-selecao-com-neymar-e-algumas-novidades\/","title":{"rendered":"Tite anuncia lista da sele\u00e7\u00e3o com Neymar e algumas novidades"},"content":{"rendered":"\n<p>Na primeira convoca\u00e7\u00e3o ap\u00f3s a Copa Am\u00e9rica, o t\u00e9cnico Tite incluiu o atacante Neymar na lista da sele\u00e7\u00e3o para os amistosos da&nbsp;<strong><a href=\"https:\/\/esportes.r7.com\/lance\/gabriel-jesus-e-suspenso-por-dois-meses-e-desfalcara-brasil-08082019\">sele\u00e7\u00e3o brasileira<\/a><\/strong>contra a Col\u00f4mbia, no pr\u00f3ximo dia 6, em Miami, e o Peru, no pr\u00f3ximo dia 10, em Los Angeles.<\/p>\n\n\n\n<p>Al\u00e9m de Neymar, que n\u00e3o est\u00e1 jogando em fun\u00e7\u00e3o do desejo de sair do Paris Saint-Germain, as novidades foram o lateral Jorge (Santos), o goleiro Weverton (Palmeiras) o defensor Samir (Udinese), o volanter Fabinho (Liverpool) e o atacante Bruno Henrique (Flamengo). De resto, o t\u00e9cnico manteve a base que conquistou a Copa Am\u00e9rica.Tite v\u00ea as duas partidas como o in\u00edcio da prepara\u00e7\u00e3o para as Eliminat\u00f3rias, que se iniciar\u00e3o em mar\u00e7o pr\u00f3ximo, visando \u00e0 Copa do Mundo de 2022, no Qatar. <\/p>\n\n\n\n<p>O \u00a0an\u00fancio contou pela primeira vez com a presen\u00e7a do novo coordenador t\u00e9cnico, Juninho Paulista, que substituiu o anterior, Edu Gaspar. Ele informou que a cada convoca\u00e7\u00e3o haver\u00e1 novamente um auxiliar-t\u00e9cnico pontual. Para as pr\u00f3ximas partidas o escolhido foi o ex-jogador C\u00e9sar Sampaio.<\/p>\n","protected":false},"excerpt":{"rendered":"<p>Na primeira convoca\u00e7\u00e3o ap\u00f3s a Copa Am\u00e9rica, o t\u00e9cnico Tite incluiu o atacante Neymar na lista da sele\u00e7\u00e3o para os amistosos da&nbsp;sele\u00e7\u00e3o brasileiracontra a Col\u00f4mbia,&hellip; <\/p>\n","protected":false},"author":1,"featured_media":107807,"comment_status":"closed","ping_status":"closed","sticky":false,"template":"","format":"standard","meta":{"sfsi_plus_gutenberg_text_before_share":"","sfsi_plus_gutenberg_show_text_before_share":"","sfsi_plus_gutenberg_icon_type":"","sfsi_plus_gutenberg_icon_alignemt":"","sfsi_plus_gutenburg_max_per_row":"","footnotes":""},"categories":[13],"tags":[],"class_list":["post-110597","post","type-post","status-publish","format-standard","has-post-thumbnail","hentry","category-esportes"],"_links":{"self":[{"href":"https:\/\/www.caririemacao.com\/1\/wp-json\/wp\/v2\/posts\/110597","targetHints":{"allow":["GET"]}}],"collection":[{"href":"https:\/\/www.caririemacao.com\/1\/wp-json\/wp\/v2\/posts"}],"about":[{"href":"https:\/\/www.caririemacao.com\/1\/wp-json\/wp\/v2\/types\/post"}],"author":[{"embeddable":true,"href":"https:\/\/www.caririemacao.com\/1\/wp-json\/wp\/v2\/users\/1"}],"replies":[{"embeddable":true,"href":"https:\/\/www.caririemacao.com\/1\/wp-json\/wp\/v2\/comments?post=110597"}],"version-history":[{"count":1,"href":"https:\/\/www.caririemacao.com\/1\/wp-json\/wp\/v2\/posts\/110597\/revisions"}],"predecessor-version":[{"id":110598,"href":"https:\/\/www.caririemacao.com\/1\/wp-json\/wp\/v2\/posts\/110597\/revisions\/110598"}],"wp:featuredmedia":[{"embeddable":true,"href":"https:\/\/www.caririemacao.com\/1\/wp-json\/wp\/v2\/media\/107807"}],"wp:attachment":[{"href":"https:\/\/www.caririemacao.com\/1\/wp-json\/wp\/v2\/media?parent=110597"}],"wp:term":[{"taxonomy":"category","embeddable":true,"href":"https:\/\/www.caririemacao.com\/1\/wp-json\/wp\/v2\/categories?post=110597"},{"taxonomy":"post_tag","embeddable":true,"href":"https:\/\/www.caririemacao.com\/1\/wp-json\/wp\/v2\/tags?post=110597"}],"curies":[{"name":"wp","href":"https:\/\/api.w.org\/{rel}","templated":true}]}}