{"id":110604,"date":"2019-08-16T11:29:47","date_gmt":"2019-08-16T14:29:47","guid":{"rendered":"http:\/\/www.caririemacao.com\/1\/?p=110604"},"modified":"2019-08-16T11:29:47","modified_gmt":"2019-08-16T14:29:47","slug":"anitta-perde-as-malas-da-piti-e-detona-empresa-companhia-de-merda","status":"publish","type":"post","link":"https:\/\/www.caririemacao.com\/1\/2019\/08\/16\/anitta-perde-as-malas-da-piti-e-detona-empresa-companhia-de-merda\/","title":{"rendered":"Anitta perde as malas, &#8216;d\u00e1 piti&#8217; e detona empresa: &#8216;companhia de merda&#8217;"},"content":{"rendered":"\n<p>Anitta, 26, desabafou com seus seguidores do Instagram na noite desta quinta-feira (15) sobre um problema que tem sofrido durante suas viagens.&nbsp;<\/p>\n\n\n\n<p>A cantora disse que, durante a turn\u00ea, sua mala sumiu &#8220;umas tr\u00eas vezes&#8221;. Em uma delas, a mala perdida era &#8220;muito importante&#8221;, e ela amea\u00e7ou expor a empresa nas redes sociais. &#8220;Minha mala apareceu em dez minutos&#8221;, lembra.<\/p>\n\n\n\n<p>Ainda assim, algumas malas continuam perdidas: &#8220;Estou desde o in\u00edcio da turn\u00ea da Europa tentando arrumar umas malas minhas com uns looks que tinha encomendado de uns gringos. Eu avisei que era uma companhia de merda (sic). A mala sumiu, estou at\u00e9 agora tentando resgatar, ningu\u00e9m responde. Meus f\u00e3-clubes podiam bem esculachar eles para ver se respondem&#8221;, disse. &#8220;J\u00e1 fui l\u00e1 e dei o maior bail\u00e3o em ingl\u00eas&#8221;.&nbsp;<\/p>\n\n\n\n<p>Segundo Anitta, as malas tinhas pe\u00e7as de grifes como Louis Vitton, Gucci e Versace, que ela usaria em shows e que precisou comprar novamente para poder se apresentar.<\/p>\n\n\n\n<p>&#8220;Se eu n\u00e3o tivesse uma reputa\u00e7\u00e3o a zelar, eu j\u00e1 estava l\u00e1 fazendo um barraco no aeroporto, jogando as malas pro alto at\u00e9 encontrar minha mala&#8221;, contou. Depois, ela telefonou do hotel para a companhia a\u00e9rea e, sem sucesso, pediu para o atendente &#8220;dar um google&#8221; em seu nome.<\/p>\n\n\n\n<p>A cantora ainda aproveitou a rede para esclarecer os boatos de que teria curtido um coment\u00e1rio que ofendia Mar\u00edlia Mendon\u00e7a. &#8220;Se eu curti, foi sem querer. Eu amo a Mar\u00edlia Mendon\u00e7a, estava conversando com ela agora&#8221;.<\/p>\n","protected":false},"excerpt":{"rendered":"<p>Anitta, 26, desabafou com seus seguidores do Instagram na noite desta quinta-feira (15) sobre um problema que tem sofrido durante suas viagens.&nbsp; A cantora disse&hellip; <\/p>\n","protected":false},"author":1,"featured_media":110605,"comment_status":"closed","ping_status":"closed","sticky":false,"template":"","format":"standard","meta":{"sfsi_plus_gutenberg_text_before_share":"","sfsi_plus_gutenberg_show_text_before_share":"","sfsi_plus_gutenberg_icon_type":"","sfsi_plus_gutenberg_icon_alignemt":"","sfsi_plus_gutenburg_max_per_row":"","footnotes":""},"categories":[2],"tags":[],"class_list":["post-110604","post","type-post","status-publish","format-standard","has-post-thumbnail","hentry","category-geral"],"_links":{"self":[{"href":"https:\/\/www.caririemacao.com\/1\/wp-json\/wp\/v2\/posts\/110604","targetHints":{"allow":["GET"]}}],"collection":[{"href":"https:\/\/www.caririemacao.com\/1\/wp-json\/wp\/v2\/posts"}],"about":[{"href":"https:\/\/www.caririemacao.com\/1\/wp-json\/wp\/v2\/types\/post"}],"author":[{"embeddable":true,"href":"https:\/\/www.caririemacao.com\/1\/wp-json\/wp\/v2\/users\/1"}],"replies":[{"embeddable":true,"href":"https:\/\/www.caririemacao.com\/1\/wp-json\/wp\/v2\/comments?post=110604"}],"version-history":[{"count":1,"href":"https:\/\/www.caririemacao.com\/1\/wp-json\/wp\/v2\/posts\/110604\/revisions"}],"predecessor-version":[{"id":110606,"href":"https:\/\/www.caririemacao.com\/1\/wp-json\/wp\/v2\/posts\/110604\/revisions\/110606"}],"wp:featuredmedia":[{"embeddable":true,"href":"https:\/\/www.caririemacao.com\/1\/wp-json\/wp\/v2\/media\/110605"}],"wp:attachment":[{"href":"https:\/\/www.caririemacao.com\/1\/wp-json\/wp\/v2\/media?parent=110604"}],"wp:term":[{"taxonomy":"category","embeddable":true,"href":"https:\/\/www.caririemacao.com\/1\/wp-json\/wp\/v2\/categories?post=110604"},{"taxonomy":"post_tag","embeddable":true,"href":"https:\/\/www.caririemacao.com\/1\/wp-json\/wp\/v2\/tags?post=110604"}],"curies":[{"name":"wp","href":"https:\/\/api.w.org\/{rel}","templated":true}]}}