{"id":110613,"date":"2019-08-16T11:33:28","date_gmt":"2019-08-16T14:33:28","guid":{"rendered":"http:\/\/www.caririemacao.com\/1\/?p=110613"},"modified":"2019-08-16T11:33:28","modified_gmt":"2019-08-16T14:33:28","slug":"quem-manda-sou-eu-ou-vou-ser-um-presidente-banana-diz-bolsonaro-sobre-troca-na-pf","status":"publish","type":"post","link":"https:\/\/www.caririemacao.com\/1\/2019\/08\/16\/quem-manda-sou-eu-ou-vou-ser-um-presidente-banana-diz-bolsonaro-sobre-troca-na-pf\/","title":{"rendered":"Quem manda sou eu. Ou vou ser um presidente banana?&#8217; diz Bolsonaro sobre troca na PF"},"content":{"rendered":"\n<p>Ao comentar trocas no comando da Pol\u00edcia Federal, o presidente Jair Bolsonaro (PSL) afirmou nesta sexta-feira (16) que \u00e9 ele quem manda e argumentou que as mudan\u00e7as precisam passar por sua an\u00e1lise para que ele n\u00e3o seja um &#8220;presidente banana&#8221;.&nbsp;<\/p>\n\n\n\n<p>&#8220;Se ele resolveu mudar, vai ter que falar comigo. Quem manda sou eu, vou deixar bem claro. Eu dou liberdade para os ministros todos, mas quem manda sou eu. Pelo que est\u00e1 pr\u00e9-acertado, seria l\u00e1 o [superintendente] de Manaus&#8221;, afirmou ao deixar o Pal\u00e1cio da Alvorada.&nbsp;<\/p>\n\n\n\n<p>&#8220;Quando v\u00e3o nomear algu\u00e9m, falam comigo. Eu tenho poder de veto, ou vou ser um presidente banana agora? Cada um faz o que bem entende e tudo bem?&#8221;, disse.<br>As declara\u00e7\u00f5es foram feitas em resposta a um questionamento sobre a substitui\u00e7\u00e3o do superintendente da PF no Rio, Ricardo Saadi.<\/p>\n\n\n\n<p>Na quinta (15), ap\u00f3s Bolsonaro se antecipar e dizer que Saadi seria trocado, a institui\u00e7\u00e3o divulgou nota afirmando que ele seria substitu\u00eddo por Carlos Henrique Oliveira. O nome foi escolha do diretor-geral do \u00f3rg\u00e3o, Maur\u00edcio Valeixo.&nbsp;<\/p>\n\n\n\n<p>J\u00e1 Bolsonaro disse ter acertado previamente que o cargo seria ocupado pelo atual superintendente da PF no estado do Amazonas, Alexandre Silva Saraiva.<\/p>\n\n\n\n<p>Ao falar que era necess\u00e1rio que dessem satisfa\u00e7\u00f5es a ele, Bolsonaro n\u00e3o deixou claro se fazia uma refer\u00eancia a Valeixo ou ao ministro da Justi\u00e7a, Sergio Moro, a quem a PF \u00e9 subordinada administrativamente.&nbsp;<\/p>\n\n\n\n<p>O presidente minimizou o caso e tentou encerrar os questionamentos sobre o tema mais de uma vez durante a entrevista. Incomodado, disse que os jornalistas n\u00e3o iam conseguir criar uma indisposi\u00e7\u00e3o dele com a PF.<\/p>\n\n\n\n<p>&#8220;Querem me indispor com a PF? N\u00e3o v\u00e3o me indispor com a PF. N\u00e3o vai me indispor.&#8221;<\/p>\n\n\n\n<p>Na manh\u00e3 de quinta, Bolsonaro pegou a PF de surpresa ao dizer espontaneamente em entrevista que Saadi seria trocado por quest\u00f5es de gest\u00e3o e produtividade.&nbsp;<\/p>\n\n\n\n<p>A corpora\u00e7\u00e3o reagiu e divulgou uma nota negando que a mudan\u00e7a tivesse a ver com a conduta do superintendente.&nbsp;&nbsp;<\/p>\n\n\n\n<p>&#8220;A Pol\u00edcia Federal informa que a troca da autoridade m\u00e1xima do \u00f3rg\u00e3o no estado j\u00e1 estava sendo planejada h\u00e1 alguns meses e o motivo da provid\u00eancia \u00e9 o desejo manifestado, pelo pr\u00f3prio policial, de vir trabalhar em Bras\u00edlia, n\u00e3o guardando qualquer rela\u00e7\u00e3o com o desempenho do atual ocupante do cargo&#8221;, disse a PF na nota.<\/p>\n\n\n\n<p>Questionado sobre a diverg\u00eancia, o presidente relativizou o que quis dizer com produtividade.<\/p>\n\n\n\n<p>&#8220;Ele vai produzir mais aqui. Eu n\u00e3o falei falta de produtividade. \u00c9 muito simples: &#8216;Se separou por amor&#8217;, tem dupla interpreta\u00e7\u00e3o. &#8216;Num ato impensado, mata o filho o pai amado. Quem matou quem?&#8217; \u00c9 a l\u00edngua portuguesa, p\u00f4.&#8221;<\/p>\n\n\n\n<p>Ele ainda disse que o motivo para a troca de comando da PF no Rio &#8220;n\u00e3o interessa&#8221;.<\/p>\n\n\n\n<p>&#8220;O motivo? N\u00e3o interessa o motivo. Ele vai produzir melhor em outro lugar, cansou da regi\u00e3o, est\u00e1 manjado da regi\u00e3o. \u00c0s vezes para proteger a pr\u00f3pria vida. Outra coisa, a gente n\u00e3o tem que dar satisfa\u00e7\u00e3o para mudar muita gente, n\u00e9? Se eu assumir a Presid\u00eancia tem que manter tudo? Ministro, secretaria?&#8221;<br><\/p>\n","protected":false},"excerpt":{"rendered":"<p>Ao comentar trocas no comando da Pol\u00edcia Federal, o presidente Jair Bolsonaro (PSL) afirmou nesta sexta-feira (16) que \u00e9 ele quem manda e argumentou que&hellip; <\/p>\n","protected":false},"author":1,"featured_media":110614,"comment_status":"closed","ping_status":"closed","sticky":false,"template":"","format":"standard","meta":{"sfsi_plus_gutenberg_text_before_share":"","sfsi_plus_gutenberg_show_text_before_share":"","sfsi_plus_gutenberg_icon_type":"","sfsi_plus_gutenberg_icon_alignemt":"","sfsi_plus_gutenburg_max_per_row":"","footnotes":""},"categories":[11],"tags":[],"class_list":["post-110613","post","type-post","status-publish","format-standard","has-post-thumbnail","hentry","category-politica"],"_links":{"self":[{"href":"https:\/\/www.caririemacao.com\/1\/wp-json\/wp\/v2\/posts\/110613","targetHints":{"allow":["GET"]}}],"collection":[{"href":"https:\/\/www.caririemacao.com\/1\/wp-json\/wp\/v2\/posts"}],"about":[{"href":"https:\/\/www.caririemacao.com\/1\/wp-json\/wp\/v2\/types\/post"}],"author":[{"embeddable":true,"href":"https:\/\/www.caririemacao.com\/1\/wp-json\/wp\/v2\/users\/1"}],"replies":[{"embeddable":true,"href":"https:\/\/www.caririemacao.com\/1\/wp-json\/wp\/v2\/comments?post=110613"}],"version-history":[{"count":1,"href":"https:\/\/www.caririemacao.com\/1\/wp-json\/wp\/v2\/posts\/110613\/revisions"}],"predecessor-version":[{"id":110615,"href":"https:\/\/www.caririemacao.com\/1\/wp-json\/wp\/v2\/posts\/110613\/revisions\/110615"}],"wp:featuredmedia":[{"embeddable":true,"href":"https:\/\/www.caririemacao.com\/1\/wp-json\/wp\/v2\/media\/110614"}],"wp:attachment":[{"href":"https:\/\/www.caririemacao.com\/1\/wp-json\/wp\/v2\/media?parent=110613"}],"wp:term":[{"taxonomy":"category","embeddable":true,"href":"https:\/\/www.caririemacao.com\/1\/wp-json\/wp\/v2\/categories?post=110613"},{"taxonomy":"post_tag","embeddable":true,"href":"https:\/\/www.caririemacao.com\/1\/wp-json\/wp\/v2\/tags?post=110613"}],"curies":[{"name":"wp","href":"https:\/\/api.w.org\/{rel}","templated":true}]}}