{"id":110619,"date":"2019-08-16T11:37:00","date_gmt":"2019-08-16T14:37:00","guid":{"rendered":"http:\/\/www.caririemacao.com\/1\/?p=110619"},"modified":"2019-08-16T11:37:00","modified_gmt":"2019-08-16T14:37:00","slug":"brasil-deixa-mercosul-caso-argentina-crie-problema-diz-bolsonaro","status":"publish","type":"post","link":"https:\/\/www.caririemacao.com\/1\/2019\/08\/16\/brasil-deixa-mercosul-caso-argentina-crie-problema-diz-bolsonaro\/","title":{"rendered":"Brasil deixa Mercosul, caso Argentina &#8220;crie problema&#8221;, diz Bolsonaro"},"content":{"rendered":"\n<p>O presidente Jair Bolsonaro concordou hoje&nbsp;(16) com a declara\u00e7\u00e3o do ministro da Economia, Paulo Guedes, de que caso o candidato da oposi\u00e7\u00e3o, Alberto Fern\u00e1ndez, ven\u00e7a as&nbsp;<a href=\"http:\/\/agenciabrasil.ebc.com.br\/economia\/noticia\/2019-08\/guedes-brasil-sai-do-mercosul-se-argentina-frear-abertura-do-bloco\" target=\"_blank\" rel=\"noreferrer noopener\">elei\u00e7\u00f5es<\/a>&nbsp;presidenciais na Argentina e apresente resist\u00eancia \u00e0 abertura econ\u00f4mica do Mercosul, o Brasil deixar\u00e1 o bloco. Fern\u00e1ndez, que tem como vice a ex-presidente Cristina Kirchner, recebeu 47% dos votos nas prim\u00e1rias realizadas no \u00faltimo&nbsp;<a href=\"http:\/\/agenciabrasil.ebc.com.br\/internacional\/noticia\/2019-08\/oposicao-obtem-47-dos-votos-e-vence-eleicoes-primarias-na-argentina%C2%A0\" target=\"_blank\" rel=\"noreferrer noopener\">domingo<\/a>&nbsp;(11).<\/p>\n\n\n\n<p>O atual presidente, Mauricio Macri, ficou com 32%. \u201cO atual candidato que est\u00e1 \u00e0&nbsp;frente na Argentina, ele j\u00e1 esteve vistando o [ex-presidente] Lula, j\u00e1 falou que \u00e9 uma injusti\u00e7a ele estar preso, j\u00e1 falou que quer rever o Mercosul. Ent\u00e3o o Paulo Guedes, perfeitamente afinado comigo, falou que se criar problema, o Brasil sai do Mercosul, e est\u00e1 avalizado\u201d, disse Bolsonaro ao deixar o Pal\u00e1cio da Alvorada nesta manh\u00e3.<\/p>\n\n\n\n<p>O presidente brasileiro disse que est\u00e1 disposto a conversar Fern\u00e1ndez, mas que o argentino \u201cvai&nbsp;ter&nbsp;que dar o sinal\u201d. \u201cPor causa do vi\u00e9s ideol\u00f3gico, o meu sentimento [antes de ser eleito] \u00e9 que tinha que acabar com o Mercosul. L\u00f3gico, n\u00f3s chegamos, afastamos o vi\u00e9s ideol\u00f3gico, o contato foi excelente com Macri, excelente com o Marito [presidente do Paraguai, Mario Benitez], o do Uruguai [Tabar\u00e9 V\u00e1zquez], apesar de ser um pouco da esquerda, deu pra conversar\u201d, disse Bolsonaro.<\/p>\n\n\n\n<p>Bolsonaro, entretanto, espera a reelei\u00e7\u00e3o de Maur\u00edcio Macri. \u201cOlha a Argentina aqui, o que aconteceu com a bolsa, com o d\u00f3lar, com as taxas de juros. O mercado deu sinal que n\u00e3o vai perdoar a esquerda na Argentina novamente. Os empres\u00e1rios n\u00e3o v\u00e3o investir mais enquanto n\u00e3o resolver a situa\u00e7\u00e3o pol\u00edtica l\u00e1\u201d, disse.<\/p>\n\n\n\n<p>O mercado financeiro da regi\u00e3o atravessa momentos de volatilidade, ap\u00f3s a vit\u00f3ria de Fern\u00e1ndez nas elei\u00e7\u00f5es prim\u00e1rias. No dia seguinte \u00e0 vota\u00e7\u00e3o, o \u00edndice Merval, da Bolsa de Buenos Aires, caiu 37,93%, na maior queda di\u00e1ria no mercado de a\u00e7\u00f5es na hist\u00f3ria do pa\u00eds, e o d\u00f3lar chegou a superar a barreira de 60 pesos argentinos, mas fechou em 52,14 pesos. A moeda do pa\u00eds vizinho desvalorizou-se 14,99% somente na&nbsp;segunda-feira (12). Para conter a sa\u00edda de capitais, o Banco Central da Argentina aumentou os juros b\u00e1sicos do pa\u00eds para 74% ao ano.<\/p>\n","protected":false},"excerpt":{"rendered":"<p>O presidente Jair Bolsonaro concordou hoje&nbsp;(16) com a declara\u00e7\u00e3o do ministro da Economia, Paulo Guedes, de que caso o candidato da oposi\u00e7\u00e3o, Alberto Fern\u00e1ndez, ven\u00e7a&hellip; <\/p>\n","protected":false},"author":1,"featured_media":109562,"comment_status":"closed","ping_status":"closed","sticky":false,"template":"","format":"standard","meta":{"sfsi_plus_gutenberg_text_before_share":"","sfsi_plus_gutenberg_show_text_before_share":"","sfsi_plus_gutenberg_icon_type":"","sfsi_plus_gutenberg_icon_alignemt":"","sfsi_plus_gutenburg_max_per_row":"","footnotes":""},"categories":[11],"tags":[],"class_list":["post-110619","post","type-post","status-publish","format-standard","has-post-thumbnail","hentry","category-politica"],"_links":{"self":[{"href":"https:\/\/www.caririemacao.com\/1\/wp-json\/wp\/v2\/posts\/110619","targetHints":{"allow":["GET"]}}],"collection":[{"href":"https:\/\/www.caririemacao.com\/1\/wp-json\/wp\/v2\/posts"}],"about":[{"href":"https:\/\/www.caririemacao.com\/1\/wp-json\/wp\/v2\/types\/post"}],"author":[{"embeddable":true,"href":"https:\/\/www.caririemacao.com\/1\/wp-json\/wp\/v2\/users\/1"}],"replies":[{"embeddable":true,"href":"https:\/\/www.caririemacao.com\/1\/wp-json\/wp\/v2\/comments?post=110619"}],"version-history":[{"count":1,"href":"https:\/\/www.caririemacao.com\/1\/wp-json\/wp\/v2\/posts\/110619\/revisions"}],"predecessor-version":[{"id":110620,"href":"https:\/\/www.caririemacao.com\/1\/wp-json\/wp\/v2\/posts\/110619\/revisions\/110620"}],"wp:featuredmedia":[{"embeddable":true,"href":"https:\/\/www.caririemacao.com\/1\/wp-json\/wp\/v2\/media\/109562"}],"wp:attachment":[{"href":"https:\/\/www.caririemacao.com\/1\/wp-json\/wp\/v2\/media?parent=110619"}],"wp:term":[{"taxonomy":"category","embeddable":true,"href":"https:\/\/www.caririemacao.com\/1\/wp-json\/wp\/v2\/categories?post=110619"},{"taxonomy":"post_tag","embeddable":true,"href":"https:\/\/www.caririemacao.com\/1\/wp-json\/wp\/v2\/tags?post=110619"}],"curies":[{"name":"wp","href":"https:\/\/api.w.org\/{rel}","templated":true}]}}