{"id":110627,"date":"2019-08-16T13:05:18","date_gmt":"2019-08-16T16:05:18","guid":{"rendered":"http:\/\/www.caririemacao.com\/1\/?p=110627"},"modified":"2019-08-16T13:05:18","modified_gmt":"2019-08-16T16:05:18","slug":"policia-civil-deflagra-operacao-larapius-e-realiza-prisoes-em-sao-joao-do-cariri","status":"publish","type":"post","link":"https:\/\/www.caririemacao.com\/1\/2019\/08\/16\/policia-civil-deflagra-operacao-larapius-e-realiza-prisoes-em-sao-joao-do-cariri\/","title":{"rendered":"Pol\u00edcia Civil deflagra opera\u00e7\u00e3o \u2018Larapius\u2019 e realiza pris\u00f5es em S\u00e3o Jo\u00e3o do Cariri"},"content":{"rendered":"\n<p>A Pol\u00edcia Civil, por meio da Delegacia de S\u00e3o Jo\u00e3o do Cariri com o apoio da Pol\u00edcia Militar deflagrou na madrugada de hoje a opera\u00e7\u00e3o Larapius.<\/p>\n\n\n\n<p>A opera\u00e7\u00e3o culminou com a pris\u00e3o de dois homens de 19 e 21 anos como tamb\u00e9m a apreens\u00e3o de um menor de 16 anos.<\/p>\n\n\n\n<p>A investiga\u00e7\u00e3o iniciou-se com a descoberta de que pe\u00e7as automotivas de ve\u00edculos e motocicletas apreendidas no dep\u00f3sito judicial do F\u00f3rum de S\u00e3o Jo\u00e3o do Cariri, como tamb\u00e9m arma de fogo vinculada a processo criminal, estariam sendo subtra\u00eddos.<\/p>\n\n\n\n<p>De acordo com a pol\u00edcia o grupo ainda contava com a participa\u00e7\u00e3o de um ex-presidi\u00e1rio que cumpria pena alternativa no F\u00f3rum local. Os pertences roubados foram recuperados na a\u00e7\u00e3o.<\/p>\n\n\n\n<p><em>Informa\u00e7\u00f5es Para\u00edba Mix<\/em><\/p>\n","protected":false},"excerpt":{"rendered":"<p>A Pol\u00edcia Civil, por meio da Delegacia de S\u00e3o Jo\u00e3o do Cariri com o apoio da Pol\u00edcia Militar deflagrou na madrugada de hoje a opera\u00e7\u00e3o&hellip; <\/p>\n","protected":false},"author":1,"featured_media":110628,"comment_status":"closed","ping_status":"closed","sticky":false,"template":"","format":"standard","meta":{"sfsi_plus_gutenberg_text_before_share":"","sfsi_plus_gutenberg_show_text_before_share":"","sfsi_plus_gutenberg_icon_type":"","sfsi_plus_gutenberg_icon_alignemt":"","sfsi_plus_gutenburg_max_per_row":"","footnotes":""},"categories":[50,12],"tags":[],"class_list":["post-110627","post","type-post","status-publish","format-standard","has-post-thumbnail","hentry","category-destaque","category-policia"],"_links":{"self":[{"href":"https:\/\/www.caririemacao.com\/1\/wp-json\/wp\/v2\/posts\/110627","targetHints":{"allow":["GET"]}}],"collection":[{"href":"https:\/\/www.caririemacao.com\/1\/wp-json\/wp\/v2\/posts"}],"about":[{"href":"https:\/\/www.caririemacao.com\/1\/wp-json\/wp\/v2\/types\/post"}],"author":[{"embeddable":true,"href":"https:\/\/www.caririemacao.com\/1\/wp-json\/wp\/v2\/users\/1"}],"replies":[{"embeddable":true,"href":"https:\/\/www.caririemacao.com\/1\/wp-json\/wp\/v2\/comments?post=110627"}],"version-history":[{"count":1,"href":"https:\/\/www.caririemacao.com\/1\/wp-json\/wp\/v2\/posts\/110627\/revisions"}],"predecessor-version":[{"id":110629,"href":"https:\/\/www.caririemacao.com\/1\/wp-json\/wp\/v2\/posts\/110627\/revisions\/110629"}],"wp:featuredmedia":[{"embeddable":true,"href":"https:\/\/www.caririemacao.com\/1\/wp-json\/wp\/v2\/media\/110628"}],"wp:attachment":[{"href":"https:\/\/www.caririemacao.com\/1\/wp-json\/wp\/v2\/media?parent=110627"}],"wp:term":[{"taxonomy":"category","embeddable":true,"href":"https:\/\/www.caririemacao.com\/1\/wp-json\/wp\/v2\/categories?post=110627"},{"taxonomy":"post_tag","embeddable":true,"href":"https:\/\/www.caririemacao.com\/1\/wp-json\/wp\/v2\/tags?post=110627"}],"curies":[{"name":"wp","href":"https:\/\/api.w.org\/{rel}","templated":true}]}}