{"id":110635,"date":"2019-08-16T13:09:53","date_gmt":"2019-08-16T16:09:53","guid":{"rendered":"http:\/\/www.caririemacao.com\/1\/?p=110635"},"modified":"2019-08-16T13:11:32","modified_gmt":"2019-08-16T16:11:32","slug":"prefeito-em-exercicio-celecileno-prestigia-sessao-na-camara-municipal-de-monteiro-e-convida-vereadores-da-oposicao-para-visita-a-obras-na-proxima-segunda","status":"publish","type":"post","link":"https:\/\/www.caririemacao.com\/1\/2019\/08\/16\/prefeito-em-exercicio-celecileno-prestigia-sessao-na-camara-municipal-de-monteiro-e-convida-vereadores-da-oposicao-para-visita-a-obras-na-proxima-segunda\/","title":{"rendered":"Prefeito em exerc\u00edcio Celecileno prestigia sess\u00e3o na C\u00e2mara Municipal de Monteiro e convida vereadores da oposi\u00e7\u00e3o para visita \u00e0 obras na pr\u00f3xima segunda"},"content":{"rendered":"\n<p>O prefeito em exerc\u00edcio de Monteiro fez quest\u00e3o de prestigiar nesta quinta feira (16), a sess\u00e3o ordin\u00e1ria da C\u00e2mara Municipal.<br><\/p>\n\n\n\n<figure class=\"wp-block-image\"><a href=\"https:\/\/1.bp.blogspot.com\/-WMs7LqTTVK4\/XVbG0WM2F_I\/AAAAAAAAGXM\/uDXiF6oPoLA6IiPG3WJelF4AnGIYyoIAwCLcBGAs\/s1600\/zz.jpg\"><img decoding=\"async\" data-src=\"https:\/\/1.bp.blogspot.com\/-WMs7LqTTVK4\/XVbG0WM2F_I\/AAAAAAAAGXM\/uDXiF6oPoLA6IiPG3WJelF4AnGIYyoIAwCLcBGAs\/s280\/zz.jpg\" alt=\"\" src=\"data:image\/svg+xml;base64,PHN2ZyB3aWR0aD0iMSIgaGVpZ2h0PSIxIiB4bWxucz0iaHR0cDovL3d3dy53My5vcmcvMjAwMC9zdmciPjwvc3ZnPg==\" class=\"lazyload\" \/><\/a><\/figure>\n\n\n\n<p>O objetivo foi aumentar a intera\u00e7\u00e3o dos poderes, ouvir pessoalmente algumas demandas apresentadas pelos vereadores da oposi\u00e7\u00e3o, e dialogar sobre as mesmas, e prestar contas dos primeiros 10 dias dos quais passou em exerc\u00edcio do cargo.<br>V\u00e1rias demandas foram apresentadas pelo bloco de oposi\u00e7\u00e3o durante a sess\u00e3o, o prefeito em exerc\u00edcio usou a tribuna para levar informa\u00e7\u00f5es sobre providencias relativas a todas elas.<br>\u201cNosso objetivo \u00e9 ter este contato e ouvir mesmo os reclames dos vereadores, tanto de situa\u00e7\u00e3o quanto de oposi\u00e7\u00e3o. O que podemos responder de imediato sobre providencias, j\u00e1 respondemos, e o que n\u00e3o esteve ao alcance inicialmente, foi importante n\u00f3s tomarmos conhecimento para buscar as solu\u00e7\u00f5es\u201d, disse Celecileno.<br>Ao t\u00e9rmino da sess\u00e3o, inclusive o prefeito em exerc\u00edcio convidou pessoalmente os vereadores do bloco de oposi\u00e7\u00e3o a participarem de uma visita \u00e0 obras realizadas na zona rural, na pr\u00f3xima segunda feira.<br>\u201cA presen\u00e7a de voc\u00eas seria muito importante, tanto para a gest\u00e3o, mas principalmente para a popula\u00e7\u00e3o\u201d, complementou Cel\u00e9.<\/p>\n\n\n\n<p>Blog F\u00e1bio Brito<\/p>\n","protected":false},"excerpt":{"rendered":"<p>O prefeito em exerc\u00edcio de Monteiro fez quest\u00e3o de prestigiar nesta quinta feira (16), a sess\u00e3o ordin\u00e1ria da C\u00e2mara Municipal. O objetivo foi aumentar a&hellip; <\/p>\n","protected":false},"author":1,"featured_media":110636,"comment_status":"closed","ping_status":"closed","sticky":false,"template":"","format":"standard","meta":{"sfsi_plus_gutenberg_text_before_share":"","sfsi_plus_gutenberg_show_text_before_share":"","sfsi_plus_gutenberg_icon_type":"","sfsi_plus_gutenberg_icon_alignemt":"","sfsi_plus_gutenburg_max_per_row":"","footnotes":""},"categories":[6],"tags":[],"class_list":["post-110635","post","type-post","status-publish","format-standard","has-post-thumbnail","hentry","category-cidades"],"_links":{"self":[{"href":"https:\/\/www.caririemacao.com\/1\/wp-json\/wp\/v2\/posts\/110635","targetHints":{"allow":["GET"]}}],"collection":[{"href":"https:\/\/www.caririemacao.com\/1\/wp-json\/wp\/v2\/posts"}],"about":[{"href":"https:\/\/www.caririemacao.com\/1\/wp-json\/wp\/v2\/types\/post"}],"author":[{"embeddable":true,"href":"https:\/\/www.caririemacao.com\/1\/wp-json\/wp\/v2\/users\/1"}],"replies":[{"embeddable":true,"href":"https:\/\/www.caririemacao.com\/1\/wp-json\/wp\/v2\/comments?post=110635"}],"version-history":[{"count":2,"href":"https:\/\/www.caririemacao.com\/1\/wp-json\/wp\/v2\/posts\/110635\/revisions"}],"predecessor-version":[{"id":110645,"href":"https:\/\/www.caririemacao.com\/1\/wp-json\/wp\/v2\/posts\/110635\/revisions\/110645"}],"wp:featuredmedia":[{"embeddable":true,"href":"https:\/\/www.caririemacao.com\/1\/wp-json\/wp\/v2\/media\/110636"}],"wp:attachment":[{"href":"https:\/\/www.caririemacao.com\/1\/wp-json\/wp\/v2\/media?parent=110635"}],"wp:term":[{"taxonomy":"category","embeddable":true,"href":"https:\/\/www.caririemacao.com\/1\/wp-json\/wp\/v2\/categories?post=110635"},{"taxonomy":"post_tag","embeddable":true,"href":"https:\/\/www.caririemacao.com\/1\/wp-json\/wp\/v2\/tags?post=110635"}],"curies":[{"name":"wp","href":"https:\/\/api.w.org\/{rel}","templated":true}]}}