{"id":110648,"date":"2019-08-16T13:28:53","date_gmt":"2019-08-16T16:28:53","guid":{"rendered":"http:\/\/www.caririemacao.com\/1\/?p=110648"},"modified":"2019-08-16T13:28:53","modified_gmt":"2019-08-16T16:28:53","slug":"em-resposta-a-oficio-de-anna-lorena-ministerio-afirma-que-transposicao-esta-em-pre-operacao","status":"publish","type":"post","link":"https:\/\/www.caririemacao.com\/1\/2019\/08\/16\/em-resposta-a-oficio-de-anna-lorena-ministerio-afirma-que-transposicao-esta-em-pre-operacao\/","title":{"rendered":"Em resposta a of\u00edcio de Anna Lorena, Minist\u00e9rio afirma que transposi\u00e7\u00e3o est\u00e1 em pr\u00e9-opera\u00e7\u00e3o"},"content":{"rendered":"\n<p>O Secret\u00e1rio Nacional de Seguran\u00e7a H\u00eddrica do Minist\u00e9rio do Desenvolvimento Nacional, Marcelo Pereira Borges, respondeu um of\u00edcio encaminhado pela prefeita de Monteiro, Anna Lorena, e explicou o motivo da suspens\u00e3o do bombeamento de \u00e1gua do Eixo Leste da Transposi\u00e7\u00e3o do Rio S\u00e3o Francisco para Para\u00edba.<\/p>\n\n\n\n<p>O secret\u00e1rio afirmou que o bombeamento do Eixo Leste da Transposi\u00e7\u00e3o encontra-se em pr\u00e9-opera\u00e7\u00e3o, e pode surgir a necessidade de servi\u00e7os de manuten\u00e7\u00e3o e reparos nos canais e estruturas, por\u00e9m, ressaltou que o bombeamento foi retomado no \u00faltimo dia 4 de julho, com previs\u00e3o de 60 dias de testes.<\/p>\n\n\n\n<p>Ainda em resposta a prefeita Anna Lorena, o secret\u00e1rio disse que existe um Cons\u00f3rcio Operador respons\u00e1vel pela pr\u00e9-opera\u00e7\u00e3o, manuten\u00e7\u00e3o, gest\u00e3o ambiental, conserva\u00e7\u00e3o e vigil\u00e2ncia patrimonial das instala\u00e7\u00f5es de constru\u00e7\u00e3o civil, dos equipamentos e dos sistemas el\u00e9tricos, mec\u00e2nicos e hidromec\u00e2nicos do Projeto, e que entre as atribui\u00e7\u00f5es do Cons\u00f3rcio est\u00e3o a realiza\u00e7\u00e3o de servi\u00e7os de manuten\u00e7\u00e3o do canal, entre eles a retirada da vegeta\u00e7\u00e3o em torno do canal e a realiza\u00e7\u00e3o de reparos nas placas de concreto.<\/p>\n\n\n\n<p>A prefeita licenciada Anna Lorena, disse que espera o retorno imediato das \u00e1guas da Transposi\u00e7\u00e3o para Monteiro, tendo em vista a necessidade de \u00e1gua em v\u00e1rios munic\u00edpios da regi\u00e3o, al\u00e9m de Monteiro.<\/p>\n\n\n\n<p>\u201cNa nota que nos foi enviada, o Secret\u00e1rio Nacional disse que as interrup\u00e7\u00f5es tempor\u00e1rias no bombeamento n\u00e3o afetam a seguran\u00e7a h\u00eddrica da popula\u00e7\u00e3o da regi\u00e3o de Campina Grande, que \u00e9 atendida pelo A\u00e7ude de Boqueir\u00e3o, por\u00e9m, n\u00e3o \u00e9 s\u00f3 Campina Grande que necessita dessa \u00e1gua, nosso munic\u00edpio e v\u00e1rios outros da regi\u00e3o tamb\u00e9m precisam, tendo em vista que os principais reservat\u00f3rios da nossa regi\u00e3o j\u00e1 est\u00e3o entrando no volume morto, e as chuvas que ca\u00edram esse ano n\u00e3o foram o suficiente para encher nossos a\u00e7udes, ent\u00e3o, esperamos o retorno imediato das \u00e1guas do Rio S\u00e3o Francisco para nosso Estado\u201d, disse a prefeita licenciada.<\/p>\n\n\n\n<p><em>Ascom PMM<\/em><\/p>\n","protected":false},"excerpt":{"rendered":"<p>O Secret\u00e1rio Nacional de Seguran\u00e7a H\u00eddrica do Minist\u00e9rio do Desenvolvimento Nacional, Marcelo Pereira Borges, respondeu um of\u00edcio encaminhado pela prefeita de Monteiro, Anna Lorena, e&hellip; <\/p>\n","protected":false},"author":1,"featured_media":12211,"comment_status":"closed","ping_status":"closed","sticky":false,"template":"","format":"standard","meta":{"sfsi_plus_gutenberg_text_before_share":"","sfsi_plus_gutenberg_show_text_before_share":"","sfsi_plus_gutenberg_icon_type":"","sfsi_plus_gutenberg_icon_alignemt":"","sfsi_plus_gutenburg_max_per_row":"","footnotes":""},"categories":[2],"tags":[],"class_list":["post-110648","post","type-post","status-publish","format-standard","has-post-thumbnail","hentry","category-geral"],"_links":{"self":[{"href":"https:\/\/www.caririemacao.com\/1\/wp-json\/wp\/v2\/posts\/110648","targetHints":{"allow":["GET"]}}],"collection":[{"href":"https:\/\/www.caririemacao.com\/1\/wp-json\/wp\/v2\/posts"}],"about":[{"href":"https:\/\/www.caririemacao.com\/1\/wp-json\/wp\/v2\/types\/post"}],"author":[{"embeddable":true,"href":"https:\/\/www.caririemacao.com\/1\/wp-json\/wp\/v2\/users\/1"}],"replies":[{"embeddable":true,"href":"https:\/\/www.caririemacao.com\/1\/wp-json\/wp\/v2\/comments?post=110648"}],"version-history":[{"count":1,"href":"https:\/\/www.caririemacao.com\/1\/wp-json\/wp\/v2\/posts\/110648\/revisions"}],"predecessor-version":[{"id":110649,"href":"https:\/\/www.caririemacao.com\/1\/wp-json\/wp\/v2\/posts\/110648\/revisions\/110649"}],"wp:featuredmedia":[{"embeddable":true,"href":"https:\/\/www.caririemacao.com\/1\/wp-json\/wp\/v2\/media\/12211"}],"wp:attachment":[{"href":"https:\/\/www.caririemacao.com\/1\/wp-json\/wp\/v2\/media?parent=110648"}],"wp:term":[{"taxonomy":"category","embeddable":true,"href":"https:\/\/www.caririemacao.com\/1\/wp-json\/wp\/v2\/categories?post=110648"},{"taxonomy":"post_tag","embeddable":true,"href":"https:\/\/www.caririemacao.com\/1\/wp-json\/wp\/v2\/tags?post=110648"}],"curies":[{"name":"wp","href":"https:\/\/api.w.org\/{rel}","templated":true}]}}