{"id":110657,"date":"2019-08-16T14:35:34","date_gmt":"2019-08-16T17:35:34","guid":{"rendered":"http:\/\/www.caririemacao.com\/1\/?p=110657"},"modified":"2019-08-16T14:35:34","modified_gmt":"2019-08-16T17:35:34","slug":"converso-ate-com-a-folha-quem-dira-com-o-futuro-presidente-da-argentina-diz-bolsonaro","status":"publish","type":"post","link":"https:\/\/www.caririemacao.com\/1\/2019\/08\/16\/converso-ate-com-a-folha-quem-dira-com-o-futuro-presidente-da-argentina-diz-bolsonaro\/","title":{"rendered":"Converso at\u00e9 com a Folha, quem dir\u00e1 com o futuro presidente da Argentina, diz Bolsonaro"},"content":{"rendered":"\n<p>Defensor da reelei\u00e7\u00e3o de Mauricio Macri na Argentina, o presidente Jair Bolsonaro (PSL) disse que manter\u00e1 o di\u00e1logo com Alberto Fern\u00e1ndez caso ele ven\u00e7a a disputa presidencial em outubro.<\/p>\n\n\n\n<p>&#8220;Eu converso at\u00e9 com a Folha de S.Paulo, quem dir\u00e1 com o futuro presidente da Argentina&#8221;, afirmou o presidente ao deixar o Pal\u00e1cio da Alvorada na manh\u00e3 desta sexta-feira (16).<\/p>\n\n\n\n<p>Embora tenha dito que manter\u00e1 o di\u00e1logo com o pa\u00eds vizinho mesmo se uma alian\u00e7a de esquerda vencer as elei\u00e7\u00f5es presidenciais, Bolsonaro disse que n\u00e3o partir\u00e1 dele a aproxima\u00e7\u00e3o.&nbsp;<\/p>\n\n\n\n<p>&#8220;Estamos dispostos. Ele que vai ter que dar um sinal. Quando eu tomei posse, falei que ia manter a democracia, a liberdade, abrir o mercado, respeitar as religi\u00f5es. \u00c9 o que eu estou fazendo&#8221;, afirmou.&nbsp;<\/p>\n\n\n\n<p>Na Argentina, a chapa de oposi\u00e7\u00e3o liderada por Alberto Fern\u00e1ndez, que tem a ex-mandat\u00e1ria Cristina Kirchner como vice, venceu com larga vantagem as prim\u00e1rias presidenciais no domingo (11). O primeiro turno da elei\u00e7\u00e3o ocorre em 27 de outubro.<\/p>\n\n\n\n<p>O cen\u00e1rio provocou uma disparada do d\u00f3lar alta dos juros e queda da Bolsa.&nbsp;<\/p>\n\n\n\n<p>Bolsonaro tem feito duras cr\u00edticas \u00e0 possibilidade do retorno do kirchnerismo \u00e0 Casa Rosada. Ele tem comparado a situa\u00e7\u00e3o \u00e0 da Venezuela e sugerido que haver\u00e1 uma onda migrat\u00f3ria de argentinos para o Sul do Brasil caso a chapa opositora ven\u00e7a a disputa.&nbsp;<\/p>\n\n\n\n<p>&#8220;O mercado deu um sinal de que n\u00e3o vai perdoar a esquerda na Argentina novamente.&nbsp;O pessoal vai tirar de l\u00e1. Os empres\u00e1rios n\u00e3o v\u00e3o mais investir na Argentina.&#8221;<\/p>\n\n\n\n<p>O presidente voltou ainda a falar sobre a perman\u00eancia do Brasil no Mercosul em caso de vit\u00f3ria de Fern\u00e1ndez. Bolsonaro lembrou que o kirchnerista j\u00e1 visitou Lula em Curitiba e que afirmou ser uma injusti\u00e7a a situa\u00e7\u00e3o do ex-presidente brasileiro.<\/p>\n\n\n\n<p>&#8220;Ele [tamb\u00e9m] j\u00e1 falou que quer rever o Mercosul. Ent\u00e3o, o Paulo Guedes, perfeitamente afinado comigo por telepatia, j\u00e1 falou: &#8216;Se criar problema, o Brasil sai do Mercosul&#8217;, e est\u00e1 avalizado, sem problema nenhum.&#8221;<\/p>\n\n\n\n<p>Bolsonaro disse que antes de vencer as elei\u00e7\u00f5es, em outubro de 2018, tinha uma vis\u00e3o de que o Brasil deveria deixar o bloco comercial, mas que seu governo j\u00e1 afastou sua principal preocupa\u00e7\u00e3o: o vi\u00e9s ideol\u00f3gico.&nbsp;<\/p>\n\n\n\n<p>&#8220;Durante a campanha, eu falava para o Paulo Guedes do vi\u00e9s ideol\u00f3gico, e o meu sentimento era de que tinha que acabar com o Mercosul. L\u00f3gico, chegamos e afastamos o vi\u00e9s ideol\u00f3gico. Temos um contato excelente com Macri, excelente com Marito [Mario Abdo Ben\u00edtez, presidente do Paraguai], [com] o do Uruguai [Tabar\u00e9 V\u00e1zquez]. Apesar de ser um pouco da esquerda, deu para conversar tranquilo, numa boa.&#8221;<\/p>\n","protected":false},"excerpt":{"rendered":"<p>Defensor da reelei\u00e7\u00e3o de Mauricio Macri na Argentina, o presidente Jair Bolsonaro (PSL) disse que manter\u00e1 o di\u00e1logo com Alberto Fern\u00e1ndez caso ele ven\u00e7a a&hellip; <\/p>\n","protected":false},"author":1,"featured_media":105823,"comment_status":"closed","ping_status":"closed","sticky":false,"template":"","format":"standard","meta":{"sfsi_plus_gutenberg_text_before_share":"","sfsi_plus_gutenberg_show_text_before_share":"","sfsi_plus_gutenberg_icon_type":"","sfsi_plus_gutenberg_icon_alignemt":"","sfsi_plus_gutenburg_max_per_row":"","footnotes":""},"categories":[11],"tags":[],"class_list":["post-110657","post","type-post","status-publish","format-standard","has-post-thumbnail","hentry","category-politica"],"_links":{"self":[{"href":"https:\/\/www.caririemacao.com\/1\/wp-json\/wp\/v2\/posts\/110657","targetHints":{"allow":["GET"]}}],"collection":[{"href":"https:\/\/www.caririemacao.com\/1\/wp-json\/wp\/v2\/posts"}],"about":[{"href":"https:\/\/www.caririemacao.com\/1\/wp-json\/wp\/v2\/types\/post"}],"author":[{"embeddable":true,"href":"https:\/\/www.caririemacao.com\/1\/wp-json\/wp\/v2\/users\/1"}],"replies":[{"embeddable":true,"href":"https:\/\/www.caririemacao.com\/1\/wp-json\/wp\/v2\/comments?post=110657"}],"version-history":[{"count":1,"href":"https:\/\/www.caririemacao.com\/1\/wp-json\/wp\/v2\/posts\/110657\/revisions"}],"predecessor-version":[{"id":110658,"href":"https:\/\/www.caririemacao.com\/1\/wp-json\/wp\/v2\/posts\/110657\/revisions\/110658"}],"wp:featuredmedia":[{"embeddable":true,"href":"https:\/\/www.caririemacao.com\/1\/wp-json\/wp\/v2\/media\/105823"}],"wp:attachment":[{"href":"https:\/\/www.caririemacao.com\/1\/wp-json\/wp\/v2\/media?parent=110657"}],"wp:term":[{"taxonomy":"category","embeddable":true,"href":"https:\/\/www.caririemacao.com\/1\/wp-json\/wp\/v2\/categories?post=110657"},{"taxonomy":"post_tag","embeddable":true,"href":"https:\/\/www.caririemacao.com\/1\/wp-json\/wp\/v2\/tags?post=110657"}],"curies":[{"name":"wp","href":"https:\/\/api.w.org\/{rel}","templated":true}]}}