{"id":110662,"date":"2019-08-16T14:37:59","date_gmt":"2019-08-16T17:37:59","guid":{"rendered":"http:\/\/www.caririemacao.com\/1\/?p=110662"},"modified":"2019-08-16T14:37:59","modified_gmt":"2019-08-16T17:37:59","slug":"lei-de-abuso-de-autoridades-so-atinge-quem-passa-do-limite-diz-maia","status":"publish","type":"post","link":"https:\/\/www.caririemacao.com\/1\/2019\/08\/16\/lei-de-abuso-de-autoridades-so-atinge-quem-passa-do-limite-diz-maia\/","title":{"rendered":"Lei de abuso de autoridades s\u00f3 atinge quem passa do limite, diz Maia"},"content":{"rendered":"\n<p>O presidente da C\u00e2mara dos Deputados, Rodrigo Maia, disse hoje (16), que o\u00a0<a href=\"http:\/\/agenciabrasil.ebc.com.br\/politica\/noticia\/2019-08\/pl-sobre-abuso-de-autoridade-e-aprovado-na-camara-e-segue-para-sancao\">projeto de lei de abuso de autoridades, aprovado na \u00faltima quarta-feira (14)<\/a>, s\u00f3 vai causar dificuldades para servidores p\u00fablicos que extrapolam os limites de suas fun\u00e7\u00f5es. \u201cN\u00e3o tem problema para quem n\u00e3o passa do limite das leis\u201d, enfatizou ap\u00f3s palestra sobre a reforma tribut\u00e1ria em evento promovido pelo Grupo L\u00edderes Empresariais (Lide).Maia disse ainda que o texto, de autoria do senador Randolfe Rodrigues (Rede-AP), foi amplamente debatido no Congresso. \u201cO projeto de abuso [de autoridades] gera uma pol\u00eamica para quem n\u00e3o leu. Esse projeto foi discutido, foi debatido, atinge os Tr\u00eas Poderes\u201d, acrescentou. O texto foi encaminhado para san\u00e7\u00e3o do presidente Jair Bolsonaro.A aprova\u00e7\u00e3o do<a href=\"https:\/\/www.camara.leg.br\/proposicoesWeb\/prop_mostrarintegra;jsessionid=04CAB5D54EBCFF62F13887D36D899313.proposicoesWebExterno1?codteor=1556805&amp;filename=PL+7596\/2017\">\u00a0PL 7596\/17<\/a>\u00a0provocou<a href=\"http:\/\/agenciabrasil.ebc.com.br\/justica\/noticia\/2019-08\/associacoes-reagem-lei-de-abuso-de-autoridade\">\u00a0rea\u00e7\u00f5es de associa\u00e7\u00f5es de ju\u00edzes e procuradores<\/a>, como as associa\u00e7\u00f5es Nacional dos Procuradores da Rep\u00fablica (ANPR); dos Ju\u00edzes Federais do Brasil (Ajufe) e dos Magistrados Brasileiros (AMB).Para as associa\u00e7\u00f5es de ju\u00edzes, a amplitude do texto coloca em cheque a independ\u00eancia do Judici\u00e1rio, ao intimidar a atua\u00e7\u00e3o da magistratura. Elas prometem mobilizar a opini\u00e3o p\u00fablica em prol do veto presidencial, e planejam encaminhar \u00e0 Casa Civil pareceres t\u00e9cnicos para embasar o veto.\u201cN\u00f3s fizemos [o projeto] ouvindo tamb\u00e9m aqueles que hoje criticam. E criticam muito mais para dar uma satisfa\u00e7\u00e3o interna\u201d, rebateu Maia as cr\u00edticas contra o projeto. \u201cAs associa\u00e7\u00f5es, da mesma forma que os deputados, s\u00e3o eleitas. E quem \u00e9 eleito precisa dar satisfa\u00e7\u00e3o aos seus eleitores\u201d, disse ao comentar as reclama\u00e7\u00f5es contra o texto.<\/p>\n","protected":false},"excerpt":{"rendered":"<p>O presidente da C\u00e2mara dos Deputados, Rodrigo Maia, disse hoje (16), que o\u00a0projeto de lei de abuso de autoridades, aprovado na \u00faltima quarta-feira (14), s\u00f3&hellip; <\/p>\n","protected":false},"author":1,"featured_media":104297,"comment_status":"closed","ping_status":"closed","sticky":false,"template":"","format":"standard","meta":{"sfsi_plus_gutenberg_text_before_share":"","sfsi_plus_gutenberg_show_text_before_share":"","sfsi_plus_gutenberg_icon_type":"","sfsi_plus_gutenberg_icon_alignemt":"","sfsi_plus_gutenburg_max_per_row":"","footnotes":""},"categories":[11],"tags":[],"class_list":["post-110662","post","type-post","status-publish","format-standard","has-post-thumbnail","hentry","category-politica"],"_links":{"self":[{"href":"https:\/\/www.caririemacao.com\/1\/wp-json\/wp\/v2\/posts\/110662","targetHints":{"allow":["GET"]}}],"collection":[{"href":"https:\/\/www.caririemacao.com\/1\/wp-json\/wp\/v2\/posts"}],"about":[{"href":"https:\/\/www.caririemacao.com\/1\/wp-json\/wp\/v2\/types\/post"}],"author":[{"embeddable":true,"href":"https:\/\/www.caririemacao.com\/1\/wp-json\/wp\/v2\/users\/1"}],"replies":[{"embeddable":true,"href":"https:\/\/www.caririemacao.com\/1\/wp-json\/wp\/v2\/comments?post=110662"}],"version-history":[{"count":1,"href":"https:\/\/www.caririemacao.com\/1\/wp-json\/wp\/v2\/posts\/110662\/revisions"}],"predecessor-version":[{"id":110663,"href":"https:\/\/www.caririemacao.com\/1\/wp-json\/wp\/v2\/posts\/110662\/revisions\/110663"}],"wp:featuredmedia":[{"embeddable":true,"href":"https:\/\/www.caririemacao.com\/1\/wp-json\/wp\/v2\/media\/104297"}],"wp:attachment":[{"href":"https:\/\/www.caririemacao.com\/1\/wp-json\/wp\/v2\/media?parent=110662"}],"wp:term":[{"taxonomy":"category","embeddable":true,"href":"https:\/\/www.caririemacao.com\/1\/wp-json\/wp\/v2\/categories?post=110662"},{"taxonomy":"post_tag","embeddable":true,"href":"https:\/\/www.caririemacao.com\/1\/wp-json\/wp\/v2\/tags?post=110662"}],"curies":[{"name":"wp","href":"https:\/\/api.w.org\/{rel}","templated":true}]}}