{"id":110666,"date":"2019-08-16T14:40:19","date_gmt":"2019-08-16T17:40:19","guid":{"rendered":"http:\/\/www.caririemacao.com\/1\/?p=110666"},"modified":"2019-08-16T14:40:19","modified_gmt":"2019-08-16T17:40:19","slug":"bolsonaro-diz-que-nao-fara-demarcacao-de-terras-indigenas","status":"publish","type":"post","link":"https:\/\/www.caririemacao.com\/1\/2019\/08\/16\/bolsonaro-diz-que-nao-fara-demarcacao-de-terras-indigenas\/","title":{"rendered":"Bolsonaro diz que n\u00e3o far\u00e1 demarca\u00e7\u00e3o de terras ind\u00edgenas"},"content":{"rendered":"\n<p>O presidente Jair Bolsonaro disse hoje (16) que pa\u00edses que investem recursos no pa\u00eds para programas de preserva\u00e7\u00e3o ambiental est\u00e3o \u201ccomprando \u00e0 presta\u00e7\u00e3o o Brasil\u201d. Ele criticou a Noruega que, assim como a Alemanha, decidiu suspender seus repasses para o Fundo Amaz\u00f4nia.<\/p>\n\n\n\n<p>\u201cO pessoal est\u00e1 comprando \u00e0 presta\u00e7\u00e3o o Brasil. A compra no passado era tamb\u00e9m demarcando terras, o Brasil s\u00f3 fazia acordos l\u00e1 fora em troca de abrir m\u00e3o de sua soberania, demarcando terras ind\u00edgenas, ampliando parques\u201d, disse, dando como exemplo o Parque Nacional da Chapada dos Veadeiros, em Goi\u00e1s,&nbsp;<a href=\"http:\/\/agenciabrasil.ebc.com.br\/geral\/noticia\/2017-06\/parque-nacional-da-chapada-dos-veadeiros-sera-ampliado-para-240-mil-hectares\" target=\"_blank\" rel=\"noreferrer noopener\">ampliado<\/a>&nbsp;em 2017 no governo do ent\u00e3o presidente Michel Temer.<\/p>\n\n\n\n<p>Para o presidente, as reservas atrapalham o desenvolvimento do pa\u00eds. \u201cN\u00e3o pode continuar assim, [em] 61% do Brasil n\u00e3o pode fazer nada. Tem locais que, para produzir, voc\u00ea n\u00e3o vai produzir, porque n\u00e3o pode ir num linha reta para exportar ou para vender, tem que fazer uma curva enorme para desviar de um quilombola, uma terra ind\u00edgena, uma \u00e1rea prote\u00e7\u00e3o ambiental. Est\u00e3o acabando com o Brasil\u201d, disse, ao deixar o Pal\u00e1cio da Alvorada na manh\u00e3 desta sexta-feira.<\/p>\n\n\n\n<p>Bolsonaro ressaltou ainda que n\u00e3o far\u00e1 demarca\u00e7\u00e3o de terras ind\u00edgenas durante seu governo. &#8220;Enquanto eu for presidente n\u00e3o tem demarca\u00e7\u00e3o de terra ind\u00edgena&#8221;, disse. \u201cEles t\u00eam 14% do territ\u00f3rio nacional. Imagine Regi\u00e3o Sudeste, uma \u00e1rea maior que essa j\u00e1 \u00e9 terra ind\u00edgena, n\u00e3o \u00e9 \u00e1rea suficiente? Ontem [15], eu estive de novo com um grupo de ind\u00edgenas e eles querem liberdade para trabalhar na sua \u00e1rea, n\u00e3o querem viver como em um confinamento, como seres pr\u00e9-hist\u00f3ricos\u201d, acrescentou o presidente.<\/p>\n","protected":false},"excerpt":{"rendered":"<p>O presidente Jair Bolsonaro disse hoje (16) que pa\u00edses que investem recursos no pa\u00eds para programas de preserva\u00e7\u00e3o ambiental est\u00e3o \u201ccomprando \u00e0 presta\u00e7\u00e3o o Brasil\u201d.&hellip; <\/p>\n","protected":false},"author":1,"featured_media":105851,"comment_status":"closed","ping_status":"closed","sticky":false,"template":"","format":"standard","meta":{"sfsi_plus_gutenberg_text_before_share":"","sfsi_plus_gutenberg_show_text_before_share":"","sfsi_plus_gutenberg_icon_type":"","sfsi_plus_gutenberg_icon_alignemt":"","sfsi_plus_gutenburg_max_per_row":"","footnotes":""},"categories":[11],"tags":[],"class_list":["post-110666","post","type-post","status-publish","format-standard","has-post-thumbnail","hentry","category-politica"],"_links":{"self":[{"href":"https:\/\/www.caririemacao.com\/1\/wp-json\/wp\/v2\/posts\/110666","targetHints":{"allow":["GET"]}}],"collection":[{"href":"https:\/\/www.caririemacao.com\/1\/wp-json\/wp\/v2\/posts"}],"about":[{"href":"https:\/\/www.caririemacao.com\/1\/wp-json\/wp\/v2\/types\/post"}],"author":[{"embeddable":true,"href":"https:\/\/www.caririemacao.com\/1\/wp-json\/wp\/v2\/users\/1"}],"replies":[{"embeddable":true,"href":"https:\/\/www.caririemacao.com\/1\/wp-json\/wp\/v2\/comments?post=110666"}],"version-history":[{"count":1,"href":"https:\/\/www.caririemacao.com\/1\/wp-json\/wp\/v2\/posts\/110666\/revisions"}],"predecessor-version":[{"id":110668,"href":"https:\/\/www.caririemacao.com\/1\/wp-json\/wp\/v2\/posts\/110666\/revisions\/110668"}],"wp:featuredmedia":[{"embeddable":true,"href":"https:\/\/www.caririemacao.com\/1\/wp-json\/wp\/v2\/media\/105851"}],"wp:attachment":[{"href":"https:\/\/www.caririemacao.com\/1\/wp-json\/wp\/v2\/media?parent=110666"}],"wp:term":[{"taxonomy":"category","embeddable":true,"href":"https:\/\/www.caririemacao.com\/1\/wp-json\/wp\/v2\/categories?post=110666"},{"taxonomy":"post_tag","embeddable":true,"href":"https:\/\/www.caririemacao.com\/1\/wp-json\/wp\/v2\/tags?post=110666"}],"curies":[{"name":"wp","href":"https:\/\/api.w.org\/{rel}","templated":true}]}}