{"id":110672,"date":"2019-08-16T14:42:33","date_gmt":"2019-08-16T17:42:33","guid":{"rendered":"http:\/\/www.caririemacao.com\/1\/?p=110672"},"modified":"2019-08-16T14:42:33","modified_gmt":"2019-08-16T17:42:33","slug":"governo-discute-sugestoes-para-diminuir-violencia-contra-mulheres","status":"publish","type":"post","link":"https:\/\/www.caririemacao.com\/1\/2019\/08\/16\/governo-discute-sugestoes-para-diminuir-violencia-contra-mulheres\/","title":{"rendered":"Governo discute sugest\u00f5es para diminuir viol\u00eancia contra mulheres"},"content":{"rendered":"\n<p>Come\u00e7ou hoje (16), no Minist\u00e9rio da Justi\u00e7a, a Jornada de Trabalho de Promo\u00e7\u00e3o da Seguran\u00e7a e Defesa da Mulher, um dos&nbsp;<a href=\"http:\/\/agenciabrasil.ebc.com.br\/direitos-humanos\/noticia\/2019-08\/justica-firma-pacto-para-combater-violencia-contra-mulheres\" target=\"_blank\" rel=\"noreferrer noopener\">desdobramentos do Pacto pela Implementa\u00e7\u00e3o de Pol\u00edticas P\u00fablicas de Preven\u00e7\u00e3o e Combate \u00e0 Viol\u00eancia contra as Mulheres<\/a>, assinado no \u00faltimo dia 7. A ideia, segundo ministros presentes no evento, \u00e9 a de que o debate de propostas resulte, posteriormente, na elabora\u00e7\u00e3o de pol\u00edticas p\u00fablicas visando a diminui\u00e7\u00e3o da viol\u00eancia praticada contra mulheres.<\/p>\n\n\n\n<p>\u201cTemos aqui representantes de diversas \u00e1reas. Precisamos conversar e ouvir para buscar e construir propostas de pol\u00edticas p\u00fablicas consistentes. Esse aqui \u00e9 o melhor lugar. Sempre que se possa pensar em aprimoramento legislativo, muito se depende de a\u00e7\u00f5es executivas que n\u00e3o necessariamente demandam lei. Para construir essas a\u00e7\u00f5es executivas, o ponto principal s\u00e3o boas ideias. Da\u00ed a presen\u00e7a de voc\u00eas aqui\u201d, disse o ministro da Justi\u00e7a, Sergio Moro, na abertura do evento.<\/p>\n\n\n\n<p>Al\u00e9m do Minist\u00e9rio da Justi\u00e7a, o pacto conta com a participa\u00e7\u00e3o de outros 10 \u00f3rg\u00e3os, entre eles o Minist\u00e9rio da Mulher, da Fam\u00edlia e dos Direitos Humanos. De acordo com a ministra da pasta, Damares Alves, em seis meses de governo o pa\u00eds j\u00e1 \u00e9 outro. \u201cVivemos um novo momento no Brasil, e os n\u00fameros j\u00e1 mostram isso. A viol\u00eancia j\u00e1 diminuiu\u201d, disse a ministra referindo-se a&nbsp;<a href=\"http:\/\/agenciabrasil.ebc.com.br\/justica\/noticia\/2019-08\/ministerio-da-justica-aponta-reducao-do-numero-de-homicidios\" target=\"_blank\" rel=\"noreferrer noopener\">dados divulgados pelo Minist\u00e9rio da Justi\u00e7a<\/a>, segundo os quais houve uma redu\u00e7\u00e3o de 21,2% no n\u00famero de homic\u00eddios dolosos nos primeiros quatro meses do ano.<\/p>\n\n\n\n<p>\u201cSabe o que descobri? Que alguns te\u00f3ricos, estudiosos e pesquisadores est\u00e3o doidos para tentar explicar o que aconteceu nesses meses. Eles n\u00e3o encontram respostas. Est\u00e3o querendo entender que fen\u00f4meno foi esse. Eles est\u00e3o atr\u00e1s de teses, pesquisas e n\u00e3o conseguem explicar. Est\u00e3o apavorados porque a teoria deles n\u00e3o deu certo. O caos pregado e profetizado n\u00e3o aconteceu\u201d, disse a ministra.<\/p>\n\n\n\n<p>Damares disse acreditar que, em breve, os resultados das pol\u00edticas p\u00fablicas de seguran\u00e7a ser\u00e3o reconhecidos internacionalmente. \u201cSe os n\u00fameros j\u00e1 est\u00e3o a\u00ed, eu acredito que daqui a um ano o mundo todo vai olhar para c\u00e1 e vai dizer \u2018o que aconteceu com aquela na\u00e7\u00e3o, que era uma das piores do mundo?\u2019.Quero ver todos eles se questionando. Eu consigo ver um comentarista de televis\u00e3o l\u00e1 fora dizendo que n\u00e3o sabe o que aconteceu [no Brasil], mas aquele povo se uniu e disse o que \u00e9 poss\u00edvel. Essa profecia eu fa\u00e7o, o mundo vai olhar e dizer: os tupiniquim conseguiram\u2019\u201d, completou.<\/p>\n","protected":false},"excerpt":{"rendered":"<p>Come\u00e7ou hoje (16), no Minist\u00e9rio da Justi\u00e7a, a Jornada de Trabalho de Promo\u00e7\u00e3o da Seguran\u00e7a e Defesa da Mulher, um dos&nbsp;desdobramentos do Pacto pela Implementa\u00e7\u00e3o&hellip; <\/p>\n","protected":false},"author":1,"featured_media":110673,"comment_status":"closed","ping_status":"closed","sticky":false,"template":"","format":"standard","meta":{"sfsi_plus_gutenberg_text_before_share":"","sfsi_plus_gutenberg_show_text_before_share":"","sfsi_plus_gutenberg_icon_type":"","sfsi_plus_gutenberg_icon_alignemt":"","sfsi_plus_gutenburg_max_per_row":"","footnotes":""},"categories":[2],"tags":[],"class_list":["post-110672","post","type-post","status-publish","format-standard","has-post-thumbnail","hentry","category-geral"],"_links":{"self":[{"href":"https:\/\/www.caririemacao.com\/1\/wp-json\/wp\/v2\/posts\/110672","targetHints":{"allow":["GET"]}}],"collection":[{"href":"https:\/\/www.caririemacao.com\/1\/wp-json\/wp\/v2\/posts"}],"about":[{"href":"https:\/\/www.caririemacao.com\/1\/wp-json\/wp\/v2\/types\/post"}],"author":[{"embeddable":true,"href":"https:\/\/www.caririemacao.com\/1\/wp-json\/wp\/v2\/users\/1"}],"replies":[{"embeddable":true,"href":"https:\/\/www.caririemacao.com\/1\/wp-json\/wp\/v2\/comments?post=110672"}],"version-history":[{"count":1,"href":"https:\/\/www.caririemacao.com\/1\/wp-json\/wp\/v2\/posts\/110672\/revisions"}],"predecessor-version":[{"id":110674,"href":"https:\/\/www.caririemacao.com\/1\/wp-json\/wp\/v2\/posts\/110672\/revisions\/110674"}],"wp:featuredmedia":[{"embeddable":true,"href":"https:\/\/www.caririemacao.com\/1\/wp-json\/wp\/v2\/media\/110673"}],"wp:attachment":[{"href":"https:\/\/www.caririemacao.com\/1\/wp-json\/wp\/v2\/media?parent=110672"}],"wp:term":[{"taxonomy":"category","embeddable":true,"href":"https:\/\/www.caririemacao.com\/1\/wp-json\/wp\/v2\/categories?post=110672"},{"taxonomy":"post_tag","embeddable":true,"href":"https:\/\/www.caririemacao.com\/1\/wp-json\/wp\/v2\/tags?post=110672"}],"curies":[{"name":"wp","href":"https:\/\/api.w.org\/{rel}","templated":true}]}}