{"id":110682,"date":"2019-08-16T20:50:37","date_gmt":"2019-08-16T23:50:37","guid":{"rendered":"http:\/\/www.caririemacao.com\/1\/?p=110682"},"modified":"2019-08-16T20:50:37","modified_gmt":"2019-08-16T23:50:37","slug":"pesquisa-revela-que-prefeita-de-ouro-velho-tem-quase-88-de-aprovacao-popular","status":"publish","type":"post","link":"https:\/\/www.caririemacao.com\/1\/2019\/08\/16\/pesquisa-revela-que-prefeita-de-ouro-velho-tem-quase-88-de-aprovacao-popular\/","title":{"rendered":"Pesquisa revela que prefeita de Ouro Velho tem quase 88% de aprova\u00e7\u00e3o popular"},"content":{"rendered":"\n<p>Um Pesquisa de opini\u00e3o realizada no m\u00eas de agosto na cidade\nde Ouro Velho aponta que a prefeita Nat\u00e1lia de Dr. J\u00fanior (PSD) \u00e9 aprovada por\ncerca de 90% da popula\u00e7\u00e3o ap\u00f3s seis anos e sete meses de mandato. <\/p>\n\n\n\n<p>Foram ouvidas 346 pessoas, apontando 37,6% como \u00f3tima e 50%\ncomo uma gest\u00e3o boa, totalizando 87,6% de aprova\u00e7\u00e3o. J\u00e1 os que responderam ruim\nou p\u00e9ssima soma 2,9%.<\/p>\n\n\n\n<p>Segundo o esposo da prefeita, o m\u00e9dico Dr. J\u00fanior, os\nn\u00fameros revelam aprova\u00e7\u00e3o bastante elevada, levando em considera\u00e7\u00e3o que a\nprefeita j\u00e1 est\u00e1 na reelei\u00e7\u00e3o e h\u00e1 menos de um ano e meio para o termino do\nmandato.<\/p>\n\n\n\n<p>\u201cA prefeita Nat\u00e1lia tem 88% de avalia\u00e7\u00e3o positiva do seu\ngoverno. Segundo o instituto, s\u00e3o n\u00fameros bastante expressivos e indiscut\u00edveis,\nn\u00e3o tem nem o que falar. S\u00e3o n\u00fameros bastante expressivos para quem est\u00e1 no\nsegundo governo\u201d, comemorou.<\/p>\n","protected":false},"excerpt":{"rendered":"<p>Um Pesquisa de opini\u00e3o realizada no m\u00eas de agosto na cidade de Ouro Velho aponta que a prefeita Nat\u00e1lia de Dr. J\u00fanior (PSD) \u00e9 aprovada&hellip; <\/p>\n","protected":false},"author":2,"featured_media":95571,"comment_status":"closed","ping_status":"closed","sticky":false,"template":"","format":"standard","meta":{"sfsi_plus_gutenberg_text_before_share":"","sfsi_plus_gutenberg_show_text_before_share":"","sfsi_plus_gutenberg_icon_type":"","sfsi_plus_gutenberg_icon_alignemt":"","sfsi_plus_gutenburg_max_per_row":"","footnotes":""},"categories":[50,11],"tags":[],"class_list":["post-110682","post","type-post","status-publish","format-standard","has-post-thumbnail","hentry","category-destaque","category-politica"],"_links":{"self":[{"href":"https:\/\/www.caririemacao.com\/1\/wp-json\/wp\/v2\/posts\/110682","targetHints":{"allow":["GET"]}}],"collection":[{"href":"https:\/\/www.caririemacao.com\/1\/wp-json\/wp\/v2\/posts"}],"about":[{"href":"https:\/\/www.caririemacao.com\/1\/wp-json\/wp\/v2\/types\/post"}],"author":[{"embeddable":true,"href":"https:\/\/www.caririemacao.com\/1\/wp-json\/wp\/v2\/users\/2"}],"replies":[{"embeddable":true,"href":"https:\/\/www.caririemacao.com\/1\/wp-json\/wp\/v2\/comments?post=110682"}],"version-history":[{"count":1,"href":"https:\/\/www.caririemacao.com\/1\/wp-json\/wp\/v2\/posts\/110682\/revisions"}],"predecessor-version":[{"id":110683,"href":"https:\/\/www.caririemacao.com\/1\/wp-json\/wp\/v2\/posts\/110682\/revisions\/110683"}],"wp:featuredmedia":[{"embeddable":true,"href":"https:\/\/www.caririemacao.com\/1\/wp-json\/wp\/v2\/media\/95571"}],"wp:attachment":[{"href":"https:\/\/www.caririemacao.com\/1\/wp-json\/wp\/v2\/media?parent=110682"}],"wp:term":[{"taxonomy":"category","embeddable":true,"href":"https:\/\/www.caririemacao.com\/1\/wp-json\/wp\/v2\/categories?post=110682"},{"taxonomy":"post_tag","embeddable":true,"href":"https:\/\/www.caririemacao.com\/1\/wp-json\/wp\/v2\/tags?post=110682"}],"curies":[{"name":"wp","href":"https:\/\/api.w.org\/{rel}","templated":true}]}}