{"id":110685,"date":"2019-08-16T21:18:58","date_gmt":"2019-08-17T00:18:58","guid":{"rendered":"http:\/\/www.caririemacao.com\/1\/?p=110685"},"modified":"2019-08-16T21:18:58","modified_gmt":"2019-08-17T00:18:58","slug":"prefeitura-de-ouro-velho-entrega-uniformes-aos-garis-e-epis-para-as-merendeiras-do-municipio","status":"publish","type":"post","link":"https:\/\/www.caririemacao.com\/1\/2019\/08\/16\/prefeitura-de-ouro-velho-entrega-uniformes-aos-garis-e-epis-para-as-merendeiras-do-municipio\/","title":{"rendered":"Prefeitura de Ouro Velho entrega uniformes aos garis e EPI&#8217;s para as merendeiras do munic\u00edpio"},"content":{"rendered":"\n<p>Na manh\u00e3 desta sexta-feira (16), a Prefeitura de Ouro Velho,\natrav\u00e9s da Secretaria de obras, realizou a entrega de uniformes para os garis do\nmunic\u00edpio.<\/p>\n\n\n\n<p>Al\u00e9m da entrega dos uniforme, a prefeita de Ouro Velho, Nat\u00e1lia de Dr. J\u00fanior, tamb\u00e9m entregou equipamento de prote\u00e7\u00e3o individual (EPI&#8217;s) para as merendeiras da Secretaria de Educa\u00e7\u00e3o. Al\u00e9m disso, houve a capacita\u00e7\u00e3o para as merendeiras. \u201cEstes uniformes foram adquiridos com recurso pr\u00f3prio e beneficiar\u00e3o v\u00e1rios servidores do munic\u00edpio\u201d, informou a prefeita.<\/p>\n\n\n\n<figure class=\"wp-block-image\"><img fetchpriority=\"high\" decoding=\"async\" width=\"1024\" height=\"768\" src=\"http:\/\/www.caririemacao.com\/1\/wp-content\/uploads\/2019\/08\/c2e6d5d7-7a11-4c01-8e8f-68daad2ef975-1024x768.jpg\" alt=\"\" class=\"wp-image-110688\" srcset=\"https:\/\/www.caririemacao.com\/1\/wp-content\/uploads\/2019\/08\/c2e6d5d7-7a11-4c01-8e8f-68daad2ef975-1024x768.jpg 1024w, https:\/\/www.caririemacao.com\/1\/wp-content\/uploads\/2019\/08\/c2e6d5d7-7a11-4c01-8e8f-68daad2ef975-300x225.jpg 300w, https:\/\/www.caririemacao.com\/1\/wp-content\/uploads\/2019\/08\/c2e6d5d7-7a11-4c01-8e8f-68daad2ef975-768x576.jpg 768w, https:\/\/www.caririemacao.com\/1\/wp-content\/uploads\/2019\/08\/c2e6d5d7-7a11-4c01-8e8f-68daad2ef975.jpg 1040w\" sizes=\"(max-width: 1024px) 100vw, 1024px\" \/><\/figure>\n\n\n\n<p>Na oportunidade estiveram presentes, al\u00e9m da prefeita Nat\u00e1lia,\no vice-prefeito, Fl\u00e1vio Henrique, os vereadores, secret\u00e1rios e diretores. <\/p>\n\n\n\n<p>\u201cA gest\u00e3o municipal de Ouro Velho vem se destacando quando o\nquesito \u00e9 humaniza\u00e7\u00e3o e bem-estar dos servidores. \u00c9 umas das formas de garantir\nesse benef\u00edcio \u00e9 o reconhecimento do trabalho \u00e1rduo e essencial que os\nprofissionais da limpeza p\u00fablica exercem no dia a dia\u201d, destacou o m\u00e9dico Dr.\nJ\u00fanior. <\/p>\n\n\n\n<p>O secret\u00e1rio de Obras, Wendel Sidclei, disse que a entrega\ndos novos uniformes aos servidores respons\u00e1veis pela limpeza p\u00fablica municipal,\ngarante maior seguran\u00e7a e humaniza\u00e7\u00e3o a esses profissionais, pois eles s\u00e3o\ncolaboradores essenciais para que se tenha uma cidade limpa, e sobretudo,\nsaud\u00e1vel.<\/p>\n","protected":false},"excerpt":{"rendered":"<p>Na manh\u00e3 desta sexta-feira (16), a Prefeitura de Ouro Velho, atrav\u00e9s da Secretaria de obras, realizou a entrega de uniformes para os garis do munic\u00edpio.&hellip; <\/p>\n","protected":false},"author":2,"featured_media":110687,"comment_status":"closed","ping_status":"closed","sticky":false,"template":"","format":"standard","meta":{"sfsi_plus_gutenberg_text_before_share":"","sfsi_plus_gutenberg_show_text_before_share":"","sfsi_plus_gutenberg_icon_type":"","sfsi_plus_gutenberg_icon_alignemt":"","sfsi_plus_gutenburg_max_per_row":"","footnotes":""},"categories":[6,50],"tags":[],"class_list":["post-110685","post","type-post","status-publish","format-standard","has-post-thumbnail","hentry","category-cidades","category-destaque"],"_links":{"self":[{"href":"https:\/\/www.caririemacao.com\/1\/wp-json\/wp\/v2\/posts\/110685","targetHints":{"allow":["GET"]}}],"collection":[{"href":"https:\/\/www.caririemacao.com\/1\/wp-json\/wp\/v2\/posts"}],"about":[{"href":"https:\/\/www.caririemacao.com\/1\/wp-json\/wp\/v2\/types\/post"}],"author":[{"embeddable":true,"href":"https:\/\/www.caririemacao.com\/1\/wp-json\/wp\/v2\/users\/2"}],"replies":[{"embeddable":true,"href":"https:\/\/www.caririemacao.com\/1\/wp-json\/wp\/v2\/comments?post=110685"}],"version-history":[{"count":1,"href":"https:\/\/www.caririemacao.com\/1\/wp-json\/wp\/v2\/posts\/110685\/revisions"}],"predecessor-version":[{"id":110689,"href":"https:\/\/www.caririemacao.com\/1\/wp-json\/wp\/v2\/posts\/110685\/revisions\/110689"}],"wp:featuredmedia":[{"embeddable":true,"href":"https:\/\/www.caririemacao.com\/1\/wp-json\/wp\/v2\/media\/110687"}],"wp:attachment":[{"href":"https:\/\/www.caririemacao.com\/1\/wp-json\/wp\/v2\/media?parent=110685"}],"wp:term":[{"taxonomy":"category","embeddable":true,"href":"https:\/\/www.caririemacao.com\/1\/wp-json\/wp\/v2\/categories?post=110685"},{"taxonomy":"post_tag","embeddable":true,"href":"https:\/\/www.caririemacao.com\/1\/wp-json\/wp\/v2\/tags?post=110685"}],"curies":[{"name":"wp","href":"https:\/\/api.w.org\/{rel}","templated":true}]}}