{"id":110697,"date":"2019-08-16T21:36:45","date_gmt":"2019-08-17T00:36:45","guid":{"rendered":"http:\/\/www.caririemacao.com\/1\/?p=110697"},"modified":"2019-08-16T21:36:45","modified_gmt":"2019-08-17T00:36:45","slug":"presidente-da-camara-de-congo-confirma-presenca-no-sos-transposicao-em-monteiro","status":"publish","type":"post","link":"https:\/\/www.caririemacao.com\/1\/2019\/08\/16\/presidente-da-camara-de-congo-confirma-presenca-no-sos-transposicao-em-monteiro\/","title":{"rendered":"Presidente da C\u00e2mara de Congo confirma presen\u00e7a no SOS Transposi\u00e7\u00e3o em Monteiro"},"content":{"rendered":"\n<p>V\u00e1rias lideran\u00e7as paraibanas e pernambucanas t\u00eam confirmado\na presen\u00e7a na manifesta\u00e7\u00e3o SOS Transposi\u00e7\u00e3o que ser\u00e1 realizada dia 01 de\nsetembro na cidade de Monteiro, no Cariri Paraibano, em defesa da transposi\u00e7\u00e3o\ndo Rio S\u00e3o Francisco que vem passando por interrup\u00e7\u00f5es desde que o atual\npresidente Bolsonaro assumiu o Pal\u00e1cio do Planalto.<\/p>\n\n\n\n<p>Entre as lideran\u00e7as, est\u00e1 o presidente da C\u00e2mara Municipal de\nCongo, Lenilson Bezerra, que confirmou sua presen\u00e7a neste evento que deve\natrair milhares de nordestinos para a cidade de Monteiro.<\/p>\n\n\n\n<p>\u201cVamos juntos apoiar este movimento que defende nossa\ntransposi\u00e7\u00e3o e que esta obra n\u00e3o seja destru\u00edda e venha beneficiar nossos\nirm\u00e3os nordestinos, principalmente, os caririzeiros que tanto precisa da \u00e1gua\ndo Rio S\u00e3o Francisco\u201d, comentou.<\/p>\n","protected":false},"excerpt":{"rendered":"<p>V\u00e1rias lideran\u00e7as paraibanas e pernambucanas t\u00eam confirmado a presen\u00e7a na manifesta\u00e7\u00e3o SOS Transposi\u00e7\u00e3o que ser\u00e1 realizada dia 01 de setembro na cidade de Monteiro, no&hellip; <\/p>\n","protected":false},"author":2,"featured_media":110698,"comment_status":"closed","ping_status":"closed","sticky":false,"template":"","format":"standard","meta":{"sfsi_plus_gutenberg_text_before_share":"","sfsi_plus_gutenberg_show_text_before_share":"","sfsi_plus_gutenberg_icon_type":"","sfsi_plus_gutenberg_icon_alignemt":"","sfsi_plus_gutenburg_max_per_row":"","footnotes":""},"categories":[50,2],"tags":[],"class_list":["post-110697","post","type-post","status-publish","format-standard","has-post-thumbnail","hentry","category-destaque","category-geral"],"_links":{"self":[{"href":"https:\/\/www.caririemacao.com\/1\/wp-json\/wp\/v2\/posts\/110697","targetHints":{"allow":["GET"]}}],"collection":[{"href":"https:\/\/www.caririemacao.com\/1\/wp-json\/wp\/v2\/posts"}],"about":[{"href":"https:\/\/www.caririemacao.com\/1\/wp-json\/wp\/v2\/types\/post"}],"author":[{"embeddable":true,"href":"https:\/\/www.caririemacao.com\/1\/wp-json\/wp\/v2\/users\/2"}],"replies":[{"embeddable":true,"href":"https:\/\/www.caririemacao.com\/1\/wp-json\/wp\/v2\/comments?post=110697"}],"version-history":[{"count":1,"href":"https:\/\/www.caririemacao.com\/1\/wp-json\/wp\/v2\/posts\/110697\/revisions"}],"predecessor-version":[{"id":110699,"href":"https:\/\/www.caririemacao.com\/1\/wp-json\/wp\/v2\/posts\/110697\/revisions\/110699"}],"wp:featuredmedia":[{"embeddable":true,"href":"https:\/\/www.caririemacao.com\/1\/wp-json\/wp\/v2\/media\/110698"}],"wp:attachment":[{"href":"https:\/\/www.caririemacao.com\/1\/wp-json\/wp\/v2\/media?parent=110697"}],"wp:term":[{"taxonomy":"category","embeddable":true,"href":"https:\/\/www.caririemacao.com\/1\/wp-json\/wp\/v2\/categories?post=110697"},{"taxonomy":"post_tag","embeddable":true,"href":"https:\/\/www.caririemacao.com\/1\/wp-json\/wp\/v2\/tags?post=110697"}],"curies":[{"name":"wp","href":"https:\/\/api.w.org\/{rel}","templated":true}]}}