{"id":110700,"date":"2019-08-16T22:32:05","date_gmt":"2019-08-17T01:32:05","guid":{"rendered":"http:\/\/www.caririemacao.com\/1\/?p=110700"},"modified":"2019-08-16T22:32:05","modified_gmt":"2019-08-17T01:32:05","slug":"prefeito-de-caraubas-firma-parceria-que-ira-beneficiar-pessoas-de-barreiras-com-emissao-de-documentos-gratuitos","status":"publish","type":"post","link":"https:\/\/www.caririemacao.com\/1\/2019\/08\/16\/prefeito-de-caraubas-firma-parceria-que-ira-beneficiar-pessoas-de-barreiras-com-emissao-de-documentos-gratuitos\/","title":{"rendered":"Prefeito de Cara\u00fabas firma parceria que ir\u00e1 beneficiar pessoas de Barreiras com emiss\u00e3o de documentos gratuitos"},"content":{"rendered":"\n<p>A Prefeitura Municipal de Cara\u00fabas atrav\u00e9s da SEMAS \u2013\nSecretaria da Assist\u00eancia Social realizar\u00e1 no pr\u00f3ximo dia 22 de Agosto de 2019,\na partir das 8h., na Escola Municipal Jo\u00e3o Jos\u00e9 de Alc\u00e2ntara, no distrito de\nBarreiras, um dia de cidadania com a emiss\u00e3o dos seguintes documentos: C\u00c9DULA\nDE IDENTIDADE, CARTEIRA DE TRABALHO e CPF.<\/p>\n\n\n\n<p>O servi\u00e7o s\u00f3 foi poss\u00edvel gra\u00e7as ao pedido do prefeito\nSilvano Dudu a secret\u00e1ria Fl\u00e1via Quirino, da Assist\u00eancia Social, que manteve\ncontato direto com a Secretaria de Desenvolvimento Humano do Governo do Estado\nda Para\u00edba, que ap\u00f3s oficializada, confirmou a presen\u00e7a do Programa CIDAD\u00c3O.<\/p>\n\n\n\n<p>A secret\u00e1ria Fl\u00e1via Quirino, lembra que o Programa ir\u00e1\nbeneficiar as pessoas que ainda n\u00e3o tem documento ou que precisam tirar uma\nsegunda via, em Cara\u00fabas e do Congo. Na verdade vamos aproveitar a presen\u00e7a do\nprograma para beneficiar a popula\u00e7\u00e3o dos dois munic\u00edpios nesta parceria de\ncontemplar o maior n\u00famero de habitantes de Cara\u00fabas e do Congo, afirmou ela.<\/p>\n\n\n\n<p>O local escolhido foi o Distrito de Barreiras a pedido do\nprefeito Silvano Dudu, haja vista, ser o dia que antecede a abertura da\ntradicional festa de Barreiras e da sua padroeira, Nossa Senhora do Desterro.\nQuero lembrar as pessoas interessadas que ser\u00e3o disponibilizadas 300(trezentas)\nc\u00e9dulas de identidade e 100(cem) carteiras de trabalho, bem como, o CPF, disse\nela.<\/p>\n\n\n\n<p>A popula\u00e7\u00e3o dever\u00e1 trazer certid\u00e3o de nascimento ou de\ncasamento,&nbsp; e a t\u00edtulo de esclarecimento s\u00f3 poder\u00e3o tirar os documentos os\nmaiores de 12 anos. Ser\u00e3o disponibilizados ainda a segunda via de documentos.\nPortanto, ser\u00e1 um dia diferente para todos os moradores de Barreiras, pois,\nhaver\u00e1 uma grande movimenta\u00e7\u00e3o de pessoas pelas a\u00e7\u00f5es que ser\u00e3o oferecidas,\nconcluiu Fl\u00e1via Quirino.<\/p>\n\n\n\n<p>O prefeito Silvano Dudu disse que o Distrito de Barreiras\nesta em festa, pois, ser\u00e1 a primeira vez que estar\u00e1 recebendo um programa deste\nn\u00edvel. Isso mostra nossa preocupa\u00e7\u00e3o com o cidad\u00e3o caraubense e em especial os\nque residem em Barreiras e no seu entorno, como os habitantes da zona rural que\nter\u00e3o uma oportunidade \u00fanica de tiraram seus documentos com total comodidade e\nseguran\u00e7a, afirmou ele.<\/p>\n\n\n\n<p>Estaremos atrav\u00e9s da Secretaria da Sa\u00fade fazendo a tipagem\nsangu\u00ednea para a emiss\u00e3o das c\u00e9dulas de identidade, numa parceria da sa\u00fade e da\nassist\u00eancia social, bem como, da Educa\u00e7\u00e3o e das demais secretarias envolvidas\nofertando o que h\u00e1 de melhor aos habitantes de Barreiras, a oportunidade de se\ntornarem cidad\u00e3o brasileiro, concluiu o prefeito.<\/p>\n\n\n\n<p>Fonte:&nbsp;SEPLACOM<\/p>\n\n\n\n<p>Foto:&nbsp;Arquivo SEPLACOM<\/p>\n","protected":false},"excerpt":{"rendered":"<p>A Prefeitura Municipal de Cara\u00fabas atrav\u00e9s da SEMAS \u2013 Secretaria da Assist\u00eancia Social realizar\u00e1 no pr\u00f3ximo dia 22 de Agosto de 2019, a partir das&hellip; <\/p>\n","protected":false},"author":2,"featured_media":110701,"comment_status":"closed","ping_status":"closed","sticky":false,"template":"","format":"standard","meta":{"sfsi_plus_gutenberg_text_before_share":"","sfsi_plus_gutenberg_show_text_before_share":"","sfsi_plus_gutenberg_icon_type":"","sfsi_plus_gutenberg_icon_alignemt":"","sfsi_plus_gutenburg_max_per_row":"","footnotes":""},"categories":[50,2],"tags":[],"class_list":["post-110700","post","type-post","status-publish","format-standard","has-post-thumbnail","hentry","category-destaque","category-geral"],"_links":{"self":[{"href":"https:\/\/www.caririemacao.com\/1\/wp-json\/wp\/v2\/posts\/110700","targetHints":{"allow":["GET"]}}],"collection":[{"href":"https:\/\/www.caririemacao.com\/1\/wp-json\/wp\/v2\/posts"}],"about":[{"href":"https:\/\/www.caririemacao.com\/1\/wp-json\/wp\/v2\/types\/post"}],"author":[{"embeddable":true,"href":"https:\/\/www.caririemacao.com\/1\/wp-json\/wp\/v2\/users\/2"}],"replies":[{"embeddable":true,"href":"https:\/\/www.caririemacao.com\/1\/wp-json\/wp\/v2\/comments?post=110700"}],"version-history":[{"count":1,"href":"https:\/\/www.caririemacao.com\/1\/wp-json\/wp\/v2\/posts\/110700\/revisions"}],"predecessor-version":[{"id":110702,"href":"https:\/\/www.caririemacao.com\/1\/wp-json\/wp\/v2\/posts\/110700\/revisions\/110702"}],"wp:featuredmedia":[{"embeddable":true,"href":"https:\/\/www.caririemacao.com\/1\/wp-json\/wp\/v2\/media\/110701"}],"wp:attachment":[{"href":"https:\/\/www.caririemacao.com\/1\/wp-json\/wp\/v2\/media?parent=110700"}],"wp:term":[{"taxonomy":"category","embeddable":true,"href":"https:\/\/www.caririemacao.com\/1\/wp-json\/wp\/v2\/categories?post=110700"},{"taxonomy":"post_tag","embeddable":true,"href":"https:\/\/www.caririemacao.com\/1\/wp-json\/wp\/v2\/tags?post=110700"}],"curies":[{"name":"wp","href":"https:\/\/api.w.org\/{rel}","templated":true}]}}