{"id":110703,"date":"2019-08-16T22:39:36","date_gmt":"2019-08-17T01:39:36","guid":{"rendered":"http:\/\/www.caririemacao.com\/1\/?p=110703"},"modified":"2019-08-16T22:40:46","modified_gmt":"2019-08-17T01:40:46","slug":"reforma-do-mercado-publico-e-iniciada-em-caraubas","status":"publish","type":"post","link":"https:\/\/www.caririemacao.com\/1\/2019\/08\/16\/reforma-do-mercado-publico-e-iniciada-em-caraubas\/","title":{"rendered":"Reforma do Mercado p\u00fablico \u00e9 iniciada em Cara\u00fabas"},"content":{"rendered":"\n<p>Foram iniciadas h\u00e1 mais de 15 (quinze) dias as obras de Reforma do Mercado P\u00fablico Municipal de Cara\u00fabas Manoel Clementino das Neves. Inicialmente, a empresa contratada junto ao munic\u00edpio ir\u00e1 realizar os servi\u00e7os de demoli\u00e7\u00e3o da parte de tr\u00e1s do Mercado, quebra de piso e de reboco, bem como, a estrutura de sanit\u00e1rios.<\/p>\n\n\n\n<p>O secret\u00e1rio de Obras P\u00fablicas e Servi\u00e7os Urbanos, Jos\u00e9\nMarcelo Neves, afirmou que essa \u00e9 uma obra com muitos detalhes e que precisa de\nmaior precau\u00e7\u00e3o, pois, s\u00e3o muitos detalhes. \u00c9 bom lembrar que a Prefeitura\ntamb\u00e9m \u00e9 respons\u00e1vel solidariamente com a construtora, haja vista, que alguns\nservi\u00e7os n\u00e3o foram contemplados pela planilha apresentada junto a GIGOV\/CEF,\nsaliento o secret\u00e1rio.<\/p>\n\n\n\n<p>Ser\u00e3o investidos recursos na ordem de R$ 397.000,00\n(Trezentos e Noventa e Sete Mil Reais) do Minist\u00e9rio do Turismo e ainda uma\ncontrapartida da Prefeitura Municipal de Cara\u00fabas junto ao conv\u00eanio e de\nservi\u00e7os. De acordo com o cronograma tra\u00e7ado pelo setor de engenharia da\nPrefeitura essa obra, caso n\u00e3o ocorra nenhuma intercorr\u00eancia dever\u00e1 durar\naproximadamente 12 meses.<\/p>\n\n\n\n<p>&nbsp;A engenheira civil, Marina Borges, respons\u00e1vel pela\nfiscaliza\u00e7\u00e3o da obra tem feito o acompanhamento a cada 15 dias, realizando\ninspe\u00e7\u00e3o e cobrando da construtora a qualidade dos servi\u00e7os de acordo com o\nProjeto e as planilhas elaboradas. Estamos apenas iniciando a obra, temos ainda\num longo caminho a percorrer, mas tenho certeza que ser\u00e1 um caminho de\nvit\u00f3rias, afirmou ela.<\/p>\n\n\n\n<p>O prefeito Silvano tem nos cobrado de maneira efetiva uma\nceleridade nos projetos e nas execu\u00e7\u00f5es das obras e estamos tendo a\nresponsabilidade de poder fazer com que se cumpra todo cronograma elaborado e\naprovado, disse ela.<\/p>\n\n\n\n<p>O gestor tem verificado que falta a algumas pessoas um pouco\nmais de esclarecimentos, pois, os mais desavisados ficam registrando atrav\u00e9s de\nfotos&nbsp; os servi\u00e7os de limpeza que est\u00e3o sendo executados pelo munic\u00edpio.\nQuero lembrar que qualquer entulho colocado nos logradouros p\u00fablicos a\nresponsabilidade das ruas, pra\u00e7as, avenidas e das sarjetas \u00e9 do Poder P\u00fablico,\nafirmou ele.<\/p>\n\n\n\n<p>Fonte:&nbsp;SEPLACOM<\/p>\n\n\n\n<p>Foto:&nbsp;Miguel Filho<\/p>\n","protected":false},"excerpt":{"rendered":"<p>Foram iniciadas h\u00e1 mais de 15 (quinze) dias as obras de Reforma do Mercado P\u00fablico Municipal de Cara\u00fabas Manoel Clementino das Neves. Inicialmente, a empresa&hellip; <\/p>\n","protected":false},"author":2,"featured_media":110705,"comment_status":"closed","ping_status":"closed","sticky":false,"template":"","format":"standard","meta":{"sfsi_plus_gutenberg_text_before_share":"","sfsi_plus_gutenberg_show_text_before_share":"","sfsi_plus_gutenberg_icon_type":"","sfsi_plus_gutenberg_icon_alignemt":"","sfsi_plus_gutenburg_max_per_row":"","footnotes":""},"categories":[50,2],"tags":[],"class_list":["post-110703","post","type-post","status-publish","format-standard","has-post-thumbnail","hentry","category-destaque","category-geral"],"_links":{"self":[{"href":"https:\/\/www.caririemacao.com\/1\/wp-json\/wp\/v2\/posts\/110703","targetHints":{"allow":["GET"]}}],"collection":[{"href":"https:\/\/www.caririemacao.com\/1\/wp-json\/wp\/v2\/posts"}],"about":[{"href":"https:\/\/www.caririemacao.com\/1\/wp-json\/wp\/v2\/types\/post"}],"author":[{"embeddable":true,"href":"https:\/\/www.caririemacao.com\/1\/wp-json\/wp\/v2\/users\/2"}],"replies":[{"embeddable":true,"href":"https:\/\/www.caririemacao.com\/1\/wp-json\/wp\/v2\/comments?post=110703"}],"version-history":[{"count":2,"href":"https:\/\/www.caririemacao.com\/1\/wp-json\/wp\/v2\/posts\/110703\/revisions"}],"predecessor-version":[{"id":110706,"href":"https:\/\/www.caririemacao.com\/1\/wp-json\/wp\/v2\/posts\/110703\/revisions\/110706"}],"wp:featuredmedia":[{"embeddable":true,"href":"https:\/\/www.caririemacao.com\/1\/wp-json\/wp\/v2\/media\/110705"}],"wp:attachment":[{"href":"https:\/\/www.caririemacao.com\/1\/wp-json\/wp\/v2\/media?parent=110703"}],"wp:term":[{"taxonomy":"category","embeddable":true,"href":"https:\/\/www.caririemacao.com\/1\/wp-json\/wp\/v2\/categories?post=110703"},{"taxonomy":"post_tag","embeddable":true,"href":"https:\/\/www.caririemacao.com\/1\/wp-json\/wp\/v2\/tags?post=110703"}],"curies":[{"name":"wp","href":"https:\/\/api.w.org\/{rel}","templated":true}]}}