{"id":110707,"date":"2019-08-16T22:51:28","date_gmt":"2019-08-17T01:51:28","guid":{"rendered":"http:\/\/www.caririemacao.com\/1\/?p=110707"},"modified":"2019-08-16T22:51:28","modified_gmt":"2019-08-17T01:51:28","slug":"prefeito-sandro-moco-cumpre-agenda-no-palacio-da-redencao","status":"publish","type":"post","link":"https:\/\/www.caririemacao.com\/1\/2019\/08\/16\/prefeito-sandro-moco-cumpre-agenda-no-palacio-da-redencao\/","title":{"rendered":"Prefeito Sandro M\u00f4co cumpre agenda no Pal\u00e1cio da Reden\u00e7\u00e3o"},"content":{"rendered":"\n<p>Buscando projetos e investimentos para o munic\u00edpio de\nCamala\u00fa, o prefeito Sandro M\u00f4co esteve nesta sexta-feira, dia 16, na capital\nJo\u00e3o Pessoa, cumprindo uma extensa agenda administrativa. <\/p>\n\n\n\n<p>O prefeito esteve no Pal\u00e1cio da Reden\u00e7\u00e3o do Governo do Estado\nda Para\u00edba, despachado alguns pedidos com o secret\u00e1rio Jo\u00e3o Gon\u00e7alves, levando\nalgumas demandas da popula\u00e7\u00e3o camalauense.<\/p>\n\n\n\n<p>\u201cEstive na busca de realizar parcerias para nosso munic\u00edpio,\nporque entendo que sem parceria s\u00f3 quem perde \u00e9 o nosso povo. Fui bem recebido\npelo secret\u00e1rio e espero que nossos pedidos sejam atendidos pelo governador\nJo\u00e3o Azevedo\u201d, informou.<\/p>\n","protected":false},"excerpt":{"rendered":"<p>Buscando projetos e investimentos para o munic\u00edpio de Camala\u00fa, o prefeito Sandro M\u00f4co esteve nesta sexta-feira, dia 16, na capital Jo\u00e3o Pessoa, cumprindo uma extensa&hellip; <\/p>\n","protected":false},"author":2,"featured_media":110708,"comment_status":"closed","ping_status":"closed","sticky":false,"template":"","format":"standard","meta":{"sfsi_plus_gutenberg_text_before_share":"","sfsi_plus_gutenberg_show_text_before_share":"","sfsi_plus_gutenberg_icon_type":"","sfsi_plus_gutenberg_icon_alignemt":"","sfsi_plus_gutenburg_max_per_row":"","footnotes":""},"categories":[50,11],"tags":[],"class_list":["post-110707","post","type-post","status-publish","format-standard","has-post-thumbnail","hentry","category-destaque","category-politica"],"_links":{"self":[{"href":"https:\/\/www.caririemacao.com\/1\/wp-json\/wp\/v2\/posts\/110707","targetHints":{"allow":["GET"]}}],"collection":[{"href":"https:\/\/www.caririemacao.com\/1\/wp-json\/wp\/v2\/posts"}],"about":[{"href":"https:\/\/www.caririemacao.com\/1\/wp-json\/wp\/v2\/types\/post"}],"author":[{"embeddable":true,"href":"https:\/\/www.caririemacao.com\/1\/wp-json\/wp\/v2\/users\/2"}],"replies":[{"embeddable":true,"href":"https:\/\/www.caririemacao.com\/1\/wp-json\/wp\/v2\/comments?post=110707"}],"version-history":[{"count":1,"href":"https:\/\/www.caririemacao.com\/1\/wp-json\/wp\/v2\/posts\/110707\/revisions"}],"predecessor-version":[{"id":110709,"href":"https:\/\/www.caririemacao.com\/1\/wp-json\/wp\/v2\/posts\/110707\/revisions\/110709"}],"wp:featuredmedia":[{"embeddable":true,"href":"https:\/\/www.caririemacao.com\/1\/wp-json\/wp\/v2\/media\/110708"}],"wp:attachment":[{"href":"https:\/\/www.caririemacao.com\/1\/wp-json\/wp\/v2\/media?parent=110707"}],"wp:term":[{"taxonomy":"category","embeddable":true,"href":"https:\/\/www.caririemacao.com\/1\/wp-json\/wp\/v2\/categories?post=110707"},{"taxonomy":"post_tag","embeddable":true,"href":"https:\/\/www.caririemacao.com\/1\/wp-json\/wp\/v2\/tags?post=110707"}],"curies":[{"name":"wp","href":"https:\/\/api.w.org\/{rel}","templated":true}]}}