{"id":110716,"date":"2019-08-17T07:41:20","date_gmt":"2019-08-17T10:41:20","guid":{"rendered":"http:\/\/www.caririemacao.com\/1\/?p=110716"},"modified":"2019-08-17T07:41:20","modified_gmt":"2019-08-17T10:41:20","slug":"pesquisa-revela-que-prefeita-de-ouro-velho-tem-quase-88-de-aprovacao-popular-2","status":"publish","type":"post","link":"https:\/\/www.caririemacao.com\/1\/2019\/08\/17\/pesquisa-revela-que-prefeita-de-ouro-velho-tem-quase-88-de-aprovacao-popular-2\/","title":{"rendered":"Pesquisa revela que prefeita de Ouro Velho tem quase 88% de aprova\u00e7\u00e3o popular"},"content":{"rendered":"\n<p>Uma pesquisa de opini\u00e3o realizada no m\u00eas de agosto na cidade de Ouro Velho aponta que a prefeita Nat\u00e1lia de Dr. J\u00fanior (PSD) \u00e9 aprovada por cerca de 90% da popula\u00e7\u00e3o ap\u00f3s seis anos e sete meses de mandato. Na foto acima, a prefeita aparece ao lado do seu vice, Fl\u00e1vio Henrique (Ike).<\/p>\n\n\n\n<p>Foram ouvidas 346 pessoas, apontando 37,6% como \u00f3tima e 50% como uma gest\u00e3o boa, totalizando 87,6% de aprova\u00e7\u00e3o. J\u00e1 os que responderam ruim ou p\u00e9ssima soma 2,9%.<\/p>\n\n\n\n<p>Segundo o esposo da prefeita, o m\u00e9dico Dr. J\u00fanior, os n\u00fameros revelam aprova\u00e7\u00e3o bastante elevada, levando em considera\u00e7\u00e3o que a prefeita j\u00e1 est\u00e1 na reelei\u00e7\u00e3o e h\u00e1 menos de um ano e meio para o termino do mandato.<\/p>\n\n\n\n<p>\u201cA prefeita Nat\u00e1lia tem 88% de avalia\u00e7\u00e3o positiva do seu governo. Segundo o instituto, s\u00e3o n\u00fameros bastante expressivos e indiscut\u00edveis, n\u00e3o tem nem o que falar. S\u00e3o n\u00fameros bastante expressivos para quem est\u00e1 no segundo governo\u201d, comemorou.<\/p>\n","protected":false},"excerpt":{"rendered":"<p>Uma pesquisa de opini\u00e3o realizada no m\u00eas de agosto na cidade de Ouro Velho aponta que a prefeita Nat\u00e1lia de Dr. J\u00fanior (PSD) \u00e9 aprovada&hellip; <\/p>\n","protected":false},"author":1,"featured_media":18946,"comment_status":"closed","ping_status":"closed","sticky":false,"template":"","format":"standard","meta":{"sfsi_plus_gutenberg_text_before_share":"","sfsi_plus_gutenberg_show_text_before_share":"","sfsi_plus_gutenberg_icon_type":"","sfsi_plus_gutenberg_icon_alignemt":"","sfsi_plus_gutenburg_max_per_row":"","footnotes":""},"categories":[6,50],"tags":[],"class_list":["post-110716","post","type-post","status-publish","format-standard","has-post-thumbnail","hentry","category-cidades","category-destaque"],"_links":{"self":[{"href":"https:\/\/www.caririemacao.com\/1\/wp-json\/wp\/v2\/posts\/110716","targetHints":{"allow":["GET"]}}],"collection":[{"href":"https:\/\/www.caririemacao.com\/1\/wp-json\/wp\/v2\/posts"}],"about":[{"href":"https:\/\/www.caririemacao.com\/1\/wp-json\/wp\/v2\/types\/post"}],"author":[{"embeddable":true,"href":"https:\/\/www.caririemacao.com\/1\/wp-json\/wp\/v2\/users\/1"}],"replies":[{"embeddable":true,"href":"https:\/\/www.caririemacao.com\/1\/wp-json\/wp\/v2\/comments?post=110716"}],"version-history":[{"count":1,"href":"https:\/\/www.caririemacao.com\/1\/wp-json\/wp\/v2\/posts\/110716\/revisions"}],"predecessor-version":[{"id":110717,"href":"https:\/\/www.caririemacao.com\/1\/wp-json\/wp\/v2\/posts\/110716\/revisions\/110717"}],"wp:featuredmedia":[{"embeddable":true,"href":"https:\/\/www.caririemacao.com\/1\/wp-json\/wp\/v2\/media\/18946"}],"wp:attachment":[{"href":"https:\/\/www.caririemacao.com\/1\/wp-json\/wp\/v2\/media?parent=110716"}],"wp:term":[{"taxonomy":"category","embeddable":true,"href":"https:\/\/www.caririemacao.com\/1\/wp-json\/wp\/v2\/categories?post=110716"},{"taxonomy":"post_tag","embeddable":true,"href":"https:\/\/www.caririemacao.com\/1\/wp-json\/wp\/v2\/tags?post=110716"}],"curies":[{"name":"wp","href":"https:\/\/api.w.org\/{rel}","templated":true}]}}