{"id":110719,"date":"2019-08-17T07:48:05","date_gmt":"2019-08-17T10:48:05","guid":{"rendered":"http:\/\/www.caririemacao.com\/1\/?p=110719"},"modified":"2019-08-17T07:48:05","modified_gmt":"2019-08-17T10:48:05","slug":"lula-diz-que-vai-provar-da-cadeia-que-moro-e-deltan-sao-bandidos","status":"publish","type":"post","link":"https:\/\/www.caririemacao.com\/1\/2019\/08\/17\/lula-diz-que-vai-provar-da-cadeia-que-moro-e-deltan-sao-bandidos\/","title":{"rendered":"Lula diz que vai provar, da cadeia, que Moro e Deltan s\u00e3o bandidos"},"content":{"rendered":"\n<p>O ex-presidente Lula afirmou, em mais uma entrevista concedida da carceragem da Pol\u00edcia Federal, em Curitiba, que vai provar que o ministro da Justi\u00e7a, Sergio Moro, e o chefe da For\u00e7a Tarefa da Lava Jato em Curitiba, Deltan Dallagnol, s\u00e3o bandidos.<\/p>\n\n\n\n<p>Na entrevista, concedida ao jornalista Bob Fernandes, exibida na noite desta sexta-feira no canal dele no Youtube e na TVE Bahia, disse ainda que s\u00f3 quer sair da pris\u00e3o com &#8220;100% de inoc\u00eancia.&#8221;<\/p>\n\n\n\n<p>Ele respondeu n\u00e3o saber quanto tempo ainda vai permanecer em Curitiba, onde cumpre pena por corrup\u00e7\u00e3o e lavagem de dinheiro, mas que n\u00e3o vai pedir progress\u00e3o de regime. &#8220;\u00c9 daqui de dentro que eu quero provar que eles s\u00e3o bandidos e eu n\u00e3o. \u00c9 isso que eu quero provar.&#8221;<\/p>\n\n\n\n<p>Esta foi a primeira vez que o ex-presidente falou ap\u00f3s a decis\u00e3o da ju\u00edza federal Carolina Lebbos, respons\u00e1vel pela execu\u00e7\u00e3o de sua pena, que autorizou a transfer\u00eancia dele para S\u00e3o Paulo. No mesmo dia, o STF derrubou a decis\u00e3o.<\/p>\n\n\n\n<p>&#8220;Significou (a decis\u00e3o) a necessidade de se livrar do Lula antes que ele possa sair daqui. N\u00e3o conhe\u00e7o a ju\u00edza. Ela foi irrespons\u00e1vel. Espero que a sociedade esteja vendo. N\u00e3o quero ser tratado melhor do que ningu\u00e9m.&#8221;<\/p>\n\n\n\n<p>O ex-presidente comentou que estava na pris\u00e3o porque queria. Segundo ele, teve muita oportunidade de sair do Brasil para n\u00e3o ser preso.<\/p>\n\n\n\n<p>&#8220;Eu quero sair daqui com 100% de inoc\u00eancia. Estou aqui porque eu quero. Eu poderia ter sa\u00eddo do Brasil. Tive muita oportunidade. N\u00e3o quis sair porque o jeito de eu ajudar a colocar bandido na cadeia \u00e9 ficar aqui.&#8221;.&nbsp;<\/p>\n\n\n\n<p>Durante a entrevista, ele comentou o caso mais recente da Vaza Jato, publicado pelo BuzzFedd News em parceria com o The Intercept Brasil, em que aponta que Moro instruiu, ainda quando juiz federal, os procuradores da Lava Jato a n\u00e3o recolherem os celulares de Eduardo Cunha na v\u00e9spera da pris\u00e3o do ex-presidente da C\u00e2mara dos Deputados.<\/p>\n\n\n\n<p>Visivelmente irritado, neste ponto, o ex-presidente, batendo na mesa, destacou que a Pol\u00edcia Federal foi na casa dos netos dele para apreender um tablet.<\/p>\n\n\n\n<p>&#8220;Ficaram um ano com ele (o tablet) aqui preso. E n\u00e3o tiveram coragem de pegar o telefone de Eduardo Cunha porque o Moro falou: &#8216;n\u00e3o, n\u00e3o pega o telefone&#8217;. O que \u00e9 que tinha no telefone do Eduardo Cunha que o Moro n\u00e3o queria que ningu\u00e9m soubesse? Por que eles n\u00e3o aceitaram uma dela\u00e7\u00e3o do Eduardo Cunha?&#8221;, questionou.<br>O petista falou da influ\u00eancia dos EUA no Brasil. Para ele, a Lava Jato \u00e9 orquestrada pelo governo norte-americano.&nbsp;<\/p>\n\n\n\n<p>&#8220;Hoje, eu tenho clareza, Bob, que tudo que est\u00e1 acontecendo aqui no Brasil da Lava Jato tem o dedo dos americanos. O departamento de justi\u00e7a americano manda mais no Moro do que a mulher dele.&#8221;<\/p>\n\n\n\n<p>Posteriormente, afirmou que a Lava Jato foi constru\u00edda para entregar o petr\u00f3leo brasileiro, as refinarias e as distribuidoras.<\/p>\n\n\n\n<p>Sobre Deltan, o presidente afirmou que o CNMP (Conselho Nacional do Minist\u00e9rio P\u00fablico) deveria ter pedido a exonera\u00e7\u00e3o dele.<\/p>\n\n\n\n<p>&#8220;O Dallagnol n\u00e3o deveria nem existir porque ele n\u00e3o tem forma\u00e7\u00e3o para isso. Ele n\u00e3o tem tamanho para fazer o que est\u00e1 fazendo. \u00c9 por isso que ele fez tanta molecagem e tanta bandidagem&#8221;, atacou.<\/p>\n\n\n\n<p>Lula classificou o presidente Jair Bolsonaro (PSL) como um monstro e aproveitou para fustigar a Globo ao afirmar que a emissora n\u00e3o teve coragem de lan\u00e7ar o apresentador Luciano Huck \u00e0 presid\u00eancia da Rep\u00fablica.<\/p>\n\n\n\n<p>&#8220;O Bolsonaro foi um monstro que surgiu, e n\u00e3o era isso que a Globo esperava, certamente. A Globo esperava algu\u00e9m do time deles. Como n\u00e3o tiveram coragem de lan\u00e7ar o Luciano Huck.&#8221;<\/p>\n\n\n\n<p>Ele criticou a postura da empresa no caso dos vazamentos de mensagens obtidas pelo site The Intercept Brasil, que exp\u00f4s a atua\u00e7\u00e3o de Moro e Deltan.<\/p>\n\n\n\n<p>&#8220;At\u00e9 agora, pasme, hoje \u00e9 dia 14, a Globo n\u00e3o teve a pachorra de publicar as coisas do Intercept. \u00c9 como se n\u00e3o existisse. Foram capaz de inventar um hacker em Araraquara. Prenderam um hacker para dar vaz\u00e3o \u00e0s mentiras do Moro e n\u00e3o t\u00eam coragem de prender o Queiroz&#8221;, disse.<\/p>\n\n\n\n<p>O ex-presidente se referiu a Bolsonaro como um chefe de torcida organizada que fala para fan\u00e1ticos.<\/p>\n\n\n\n<p>&#8220;O Bolsonaro est\u00e1 governando e falando para sua torcida organizada. Para agradar os seus fan\u00e1ticos, aqueles que n\u00e3o est\u00e3o preocupados com o Brasil.&#8221;<\/p>\n\n\n\n<p>Ele criticou a forma como o presidente tratou a derrota nas pr\u00e9vias do presidente da Argentina Mauricio Macri. &#8220;Ele teve a insensatez de falar de um parceiro estrat\u00e9gico e ofender o povo argentino.&#8221;<\/p>\n\n\n\n<p>O petista destacou que, ao sair da pris\u00e3o, al\u00e9m de casar porque est\u00e1 apaixonado, vai para a rua levantar a autoestima do povo brasileiro.<\/p>\n\n\n\n<p>&#8220;Se eles t\u00eam medo de mim, arrumem outro jeito de me calar. Um homem de 74 anos, que j\u00e1 fez o que j\u00e1 fiz, n\u00e3o vai se calar. Eu quero a minha inoc\u00eancia&#8221;, disse.<\/p>\n","protected":false},"excerpt":{"rendered":"<p>O ex-presidente Lula afirmou, em mais uma entrevista concedida da carceragem da Pol\u00edcia Federal, em Curitiba, que vai provar que o ministro da Justi\u00e7a, Sergio&hellip; <\/p>\n","protected":false},"author":1,"featured_media":107267,"comment_status":"closed","ping_status":"closed","sticky":false,"template":"","format":"standard","meta":{"sfsi_plus_gutenberg_text_before_share":"","sfsi_plus_gutenberg_show_text_before_share":"","sfsi_plus_gutenberg_icon_type":"","sfsi_plus_gutenberg_icon_alignemt":"","sfsi_plus_gutenburg_max_per_row":"","footnotes":""},"categories":[11],"tags":[],"class_list":["post-110719","post","type-post","status-publish","format-standard","has-post-thumbnail","hentry","category-politica"],"_links":{"self":[{"href":"https:\/\/www.caririemacao.com\/1\/wp-json\/wp\/v2\/posts\/110719","targetHints":{"allow":["GET"]}}],"collection":[{"href":"https:\/\/www.caririemacao.com\/1\/wp-json\/wp\/v2\/posts"}],"about":[{"href":"https:\/\/www.caririemacao.com\/1\/wp-json\/wp\/v2\/types\/post"}],"author":[{"embeddable":true,"href":"https:\/\/www.caririemacao.com\/1\/wp-json\/wp\/v2\/users\/1"}],"replies":[{"embeddable":true,"href":"https:\/\/www.caririemacao.com\/1\/wp-json\/wp\/v2\/comments?post=110719"}],"version-history":[{"count":1,"href":"https:\/\/www.caririemacao.com\/1\/wp-json\/wp\/v2\/posts\/110719\/revisions"}],"predecessor-version":[{"id":110720,"href":"https:\/\/www.caririemacao.com\/1\/wp-json\/wp\/v2\/posts\/110719\/revisions\/110720"}],"wp:featuredmedia":[{"embeddable":true,"href":"https:\/\/www.caririemacao.com\/1\/wp-json\/wp\/v2\/media\/107267"}],"wp:attachment":[{"href":"https:\/\/www.caririemacao.com\/1\/wp-json\/wp\/v2\/media?parent=110719"}],"wp:term":[{"taxonomy":"category","embeddable":true,"href":"https:\/\/www.caririemacao.com\/1\/wp-json\/wp\/v2\/categories?post=110719"},{"taxonomy":"post_tag","embeddable":true,"href":"https:\/\/www.caririemacao.com\/1\/wp-json\/wp\/v2\/tags?post=110719"}],"curies":[{"name":"wp","href":"https:\/\/api.w.org\/{rel}","templated":true}]}}