{"id":110723,"date":"2019-08-17T07:51:55","date_gmt":"2019-08-17T10:51:55","guid":{"rendered":"http:\/\/www.caririemacao.com\/1\/?p=110723"},"modified":"2019-08-17T07:51:55","modified_gmt":"2019-08-17T10:51:55","slug":"com-quatro-desfalques-celso-avisa-que-treze-tem-duas-formas-de-jogar","status":"publish","type":"post","link":"https:\/\/www.caririemacao.com\/1\/2019\/08\/17\/com-quatro-desfalques-celso-avisa-que-treze-tem-duas-formas-de-jogar\/","title":{"rendered":"Com quatro desfalques, Celso avisa que Treze tem \u201cduas formas de jogar\u201d"},"content":{"rendered":"\n<p><br>\u201cA vontade (de ganhar) deles n\u00e3o pode ser maior do que a de um time que est\u00e1 lutando contra o rebaixamento, que \u00e9 o nosso\u201d.<\/p>\n\n\n\n<p>A impactante frase foi utilizada pelo treinador Celso Teixeira nesta quinta-feira (15), um dia antes da delega\u00e7\u00e3o do Treze embarcar para Aracaju, onde encara o Confian\u00e7a no domingo (18), pela 17\u00aa rodada do Grupo A da S\u00e9rie C.<\/p>\n\n\n\n<p>O jogo \u00e9 decisivo e o Galo precisa pontuar. O comandante alvinegro est\u00e1 liberado para atuar da \u00e1rea t\u00e9cnica e sabe da import\u00e2ncia de sua presen\u00e7a na beira do gramado.<\/p>\n\n\n\n<p>Na coletiva de imprensa, Celso revelou que trabalhou a equipe para duas maneiras de jogar. Com quatro desfalques certos, por\u00e9m, ele n\u00e3o quis adiantar a escala\u00e7\u00e3o.<\/p>\n\n\n\n<figure class=\"wp-block-image\"><img decoding=\"async\" data-src=\"https:\/\/paraibaonline.com.br\/wp-content\/uploads\/2019\/08\/CelsoTeixeira-559x417.jpg\" alt=\"\" class=\"wp-image-758678 lazyload\" src=\"data:image\/svg+xml;base64,PHN2ZyB3aWR0aD0iMSIgaGVpZ2h0PSIxIiB4bWxucz0iaHR0cDovL3d3dy53My5vcmcvMjAwMC9zdmciPjwvc3ZnPg==\" style=\"--smush-placeholder-width: 559px; --smush-placeholder-aspect-ratio: 559\/417;\" \/><\/figure>\n\n\n\n<p>Foto: Divulga\u00e7\u00e3o \u2013 Bruno Rafael \/ R\u00e1dio CBN<\/p>\n\n\n\n<p>\u2013 Essa semana deu para trabalhar melhor com nossa equipe e estudar o advers\u00e1rio. N\u00f3s estamos nos cercando de todas as informa\u00e7\u00f5es (sobre o Confian\u00e7a). Eu sou acostumado a dar o time no final de semana, mas a\u00ed estou com a alternativa de estudar melhor a situa\u00e7\u00e3o, at\u00e9 porque temos aus\u00eancias importantes. Temos duas formas de jogar. Estou conversando muito com os jogadores e eles est\u00e3o conscientes da import\u00e2ncia dessa partida \u2013 declarou o t\u00e9cnico, que n\u00e3o vai poder contar com os volantes Elielton e Robson, suspensos, al\u00e9m do goleiro Mauro Iguatu e o atacante Eduardo, lesionados.<\/p>\n\n\n\n<p>A delega\u00e7\u00e3o do Treze deixou Campina Grande \u00e0s 15h desta sexta-feira (16).<\/p>\n\n\n\n<p>Com 15 pontos, na pen\u00faltima coloca\u00e7\u00e3o do Grupo A, o Galo precisa vencer para aumentar as chances de perman\u00eancia na S\u00e9rie C e decidir seu futuro em casa, contra o Botafogo-PB, no pr\u00f3ximo s\u00e1bado (24).<\/p>\n\n\n\n<p>A prov\u00e1vel escala\u00e7\u00e3o alvinegra para domingo \u00e9 a seguinte: Paulo Wanzeler, Thiaguinho, Adriano Alves, Breno Calixto e Silva; Diego Silva, Fernando, J\u00falio Pacato e Marcelinho Para\u00edba; Dija Baiano e Maxuell Samurai.<\/p>\n","protected":false},"excerpt":{"rendered":"<p>\u201cA vontade (de ganhar) deles n\u00e3o pode ser maior do que a de um time que est\u00e1 lutando contra o rebaixamento, que \u00e9 o nosso\u201d.&hellip; <\/p>\n","protected":false},"author":1,"featured_media":110724,"comment_status":"closed","ping_status":"closed","sticky":false,"template":"","format":"standard","meta":{"sfsi_plus_gutenberg_text_before_share":"","sfsi_plus_gutenberg_show_text_before_share":"","sfsi_plus_gutenberg_icon_type":"","sfsi_plus_gutenberg_icon_alignemt":"","sfsi_plus_gutenburg_max_per_row":"","footnotes":""},"categories":[13],"tags":[],"class_list":["post-110723","post","type-post","status-publish","format-standard","has-post-thumbnail","hentry","category-esportes"],"_links":{"self":[{"href":"https:\/\/www.caririemacao.com\/1\/wp-json\/wp\/v2\/posts\/110723","targetHints":{"allow":["GET"]}}],"collection":[{"href":"https:\/\/www.caririemacao.com\/1\/wp-json\/wp\/v2\/posts"}],"about":[{"href":"https:\/\/www.caririemacao.com\/1\/wp-json\/wp\/v2\/types\/post"}],"author":[{"embeddable":true,"href":"https:\/\/www.caririemacao.com\/1\/wp-json\/wp\/v2\/users\/1"}],"replies":[{"embeddable":true,"href":"https:\/\/www.caririemacao.com\/1\/wp-json\/wp\/v2\/comments?post=110723"}],"version-history":[{"count":1,"href":"https:\/\/www.caririemacao.com\/1\/wp-json\/wp\/v2\/posts\/110723\/revisions"}],"predecessor-version":[{"id":110725,"href":"https:\/\/www.caririemacao.com\/1\/wp-json\/wp\/v2\/posts\/110723\/revisions\/110725"}],"wp:featuredmedia":[{"embeddable":true,"href":"https:\/\/www.caririemacao.com\/1\/wp-json\/wp\/v2\/media\/110724"}],"wp:attachment":[{"href":"https:\/\/www.caririemacao.com\/1\/wp-json\/wp\/v2\/media?parent=110723"}],"wp:term":[{"taxonomy":"category","embeddable":true,"href":"https:\/\/www.caririemacao.com\/1\/wp-json\/wp\/v2\/categories?post=110723"},{"taxonomy":"post_tag","embeddable":true,"href":"https:\/\/www.caririemacao.com\/1\/wp-json\/wp\/v2\/tags?post=110723"}],"curies":[{"name":"wp","href":"https:\/\/api.w.org\/{rel}","templated":true}]}}