{"id":110728,"date":"2019-08-17T07:57:47","date_gmt":"2019-08-17T10:57:47","guid":{"rendered":"http:\/\/www.caririemacao.com\/1\/?p=110728"},"modified":"2019-08-17T07:57:47","modified_gmt":"2019-08-17T10:57:47","slug":"bolsonaro-diz-que-brasil-vai-vencer-a-crise-economica-mundial","status":"publish","type":"post","link":"https:\/\/www.caririemacao.com\/1\/2019\/08\/17\/bolsonaro-diz-que-brasil-vai-vencer-a-crise-economica-mundial\/","title":{"rendered":"Bolsonaro diz que Brasil vai vencer a crise econ\u00f4mica mundial"},"content":{"rendered":"\n<p>O presidente Jair Bolsonaro disse ter convic\u00e7\u00e3o de que o Brasil vai superar os eventuais problemas que possam surgir se houver uma crise econ\u00f4mica mundial. Nesta semana, houve p\u00e2nico nos mercados financeiros de todo o planeta em meio a temores de uma nova recess\u00e3o na economia global ap\u00f3s a divulga\u00e7\u00e3o de dados econ\u00f4micos ruins na China e na Alemanha e a escalada das tens\u00f5es comerciais entre Estados Unidos e China. Com isso o<a href=\"http:\/\/agenciabrasil.ebc.com.br\/economia\/noticia\/2019-08\/dolar-volta-fechar-acima-de-r-4-bolsa-cai-4-na-semana\" target=\"_blank\" rel=\"noreferrer noopener\">&nbsp;d\u00f3lar superou a barreira dos R$ 4<\/a>, com alta de 1,57% na semana, e a bolsa acumulou queda de 4,03%.&nbsp;<\/p>\n\n\n\n<p>Bolsonaro citou recentes medidas que o Brasil vem adotando e disse que o governo est\u00e1 fazendo o dever de casa. \u201cPode ter certeza, se n\u00e3o tiv\u00e9ssemos tomado as medidas que tomamos, o Brasil estaria em uma situa\u00e7\u00e3o bastante complicada. Estamos fazendo o dever de casa. O Brasil estava arrebentado economicamente. Eu tenho esperan\u00e7a, o povo pode acreditar, n\u00f3s vamos vencer\u201d, disse o presidente, que est\u00e1 no munic\u00edpio de Resende, no sul fluminense, desde a noite desta sexta-feira (16), onde participar\u00e1 da entrega de espadins aos cadetes da Academia Militar das Agulhas Negras (Aman), na manh\u00e3 deste s\u00e1bado (17).<\/p>\n\n\n\n<p>Perguntado sobre o projeto de abuso de autoridade, o presidente disse que ainda n\u00e3o havia lido a mat\u00e9ria, mas confirmou que haver\u00e1 veto. \u201cN\u00e3o li ainda o projeto. Segunda-feira (19) eu leio, mas que vai ter veto, vai\u201d.<\/p>\n\n\n\n<p>Bolsonaro falou rapidamente com a imprensa ap\u00f3s cumprir uma de suas tradi\u00e7\u00f5es quando vem a Resende, que abriga a academia militar onde ele se formou oficial. Ele parou para comer um cachorro-quente no mesmo local que frequenta desde quando era deputado federal.<\/p>\n\n\n\n<p>A presen\u00e7a de Bolsonaro atraiu dezenas de pessoas. Ap\u00f3s comer o cachorro-quente, ele conversou com crian\u00e7as e bateu fotos com os presentes. Apesar do tumulto em certos momentos, o esquema de seguran\u00e7a funcionou sem que houvesse nenhum tipo de situa\u00e7\u00e3o que colocasse em risco o presidente.<\/p>\n\n\n\n<p>O governador do Rio, Wilson Witzel, tamb\u00e9m foi at\u00e9 o&nbsp;<em>food truck<\/em>&nbsp;de cachorro-quente acompanhando Bolsonaro. O presidente decidiu seguir a p\u00e9 at\u00e9 o hotel de tr\u00e2nsito de oficiais da Aman, onde est\u00e1 hospedado, em um trajeto de aproximadamente 500 metros.<\/p>\n\n\n\n<figure class=\"wp-block-image\"><img decoding=\"async\" data-src=\"http:\/\/imagens.ebc.com.br\/5lDSO3S4Y4-PLG8im1u4MkwwznM=\/754x0\/smart\/http:\/\/agenciabrasil.ebc.com.br\/sites\/default\/files\/thumbnails\/image\/bolsonaro_ffraz_abr_16081920808.jpg?itok=-vWW9jeH\" alt=\" O presidente da Rep\u00fablica, Jair Bolsonaro, come cachorro-quente no food truck Hot Dog do Senhor, em visita \u00e0 cidade de Resende. \" src=\"data:image\/svg+xml;base64,PHN2ZyB3aWR0aD0iMSIgaGVpZ2h0PSIxIiB4bWxucz0iaHR0cDovL3d3dy53My5vcmcvMjAwMC9zdmciPjwvc3ZnPg==\" class=\"lazyload\" \/><\/figure>\n\n\n\n<h6 class=\"wp-block-heading\">O presidente da Rep\u00fablica, Jair Bolsonaro, come cachorro-quente no food truck Hot Dog do Senhor, em visita \u00e0 cidade de Resende&nbsp;&#8211;&nbsp;<strong>Fernando Fraz\u00e3o\/Ag\u00eancia Brasil<\/strong><\/h6>\n\n\n\n<h2 class=\"wp-block-heading\">Vendas impulsionadas por Bolsonaro<\/h2>\n\n\n\n<p>O dono do&nbsp;<em>food truck<\/em>, &nbsp;Giordani Cardoso, nascido na Baixada Fluminense e morador de Resende, onde vende cachorro-quente h\u00e1 25 anos, disse que as vendas dispararam desde que Bolsonaro foi ao local no ano passado, j\u00e1 como presidente-eleito. Segundo ele, a fama repentina trouxe novos clientes, que antes n\u00e3o conheciam o seu tempero. &#8220;Hoje vem oficial da Aman, coronel e at\u00e9 comandante&#8221;, disse. &#8220;Dobraram as vendas. Aumentou 100%&#8221;.&nbsp;<\/p>\n\n\n\n<p>Em agradecimento, Cardoso criou um cachorro-quente em homenagem a Bolsonaro, o Big Presidente, com 30 cm de salsicha ou lingui\u00e7a, catupiry, ovo de codorna e outros acompanhamentos.<\/p>\n\n\n\n<p>Cardoso lembra quando Bolsonaro e a primeira-dama Michele, ainda longe da fama e do poder, oito anos atr\u00e1s, frequentavam o local, que ainda era uma modesta barraquinha e n\u00e3o o potente&nbsp;<em>food truck<\/em>, comprado recentemente.&nbsp;<\/p>\n\n\n\n<p>&#8220;Eles vinham at\u00e9 na chuva, ficavam ali numa mesinha. Sempre que ele vinha de S\u00e3o Paulo, tinha que entrar em Resende para comer o meu p\u00e3o com lingui\u00e7a. Ele se amarrou no meu lanche. Eu aproveitava e tirava uma foto. Porque a gente tem que conhecer o campe\u00e3o antes do p\u00f3dium&#8221;, filosofa Giordani.&nbsp;<\/p>\n\n\n\n<p>Hoje o&nbsp;<em>food truck<\/em>&nbsp;virou uma atra\u00e7\u00e3o na cidade. Decorado com fotos de Bolsonaro e os filhos ao seu lado, uma TV passa em loop as imagens e um v\u00eddeo de quando Bolsonaro esteve l\u00e1 e gravou um comercial, de gra\u00e7a, sobre o seu cachorro-quente.<\/p>\n\n\n\n<p>Com a fama, Giordani sonha em dar passos mais largos. &#8220;Agora estou pensando em abrir uma franquia. Hotdog Senhor, o preferido do presidente&#8221;, disse.&nbsp;<\/p>\n","protected":false},"excerpt":{"rendered":"<p>O presidente Jair Bolsonaro disse ter convic\u00e7\u00e3o de que o Brasil vai superar os eventuais problemas que possam surgir se houver uma crise econ\u00f4mica mundial.&hellip; <\/p>\n","protected":false},"author":1,"featured_media":110729,"comment_status":"closed","ping_status":"closed","sticky":false,"template":"","format":"standard","meta":{"sfsi_plus_gutenberg_text_before_share":"","sfsi_plus_gutenberg_show_text_before_share":"","sfsi_plus_gutenberg_icon_type":"","sfsi_plus_gutenberg_icon_alignemt":"","sfsi_plus_gutenburg_max_per_row":"","footnotes":""},"categories":[11],"tags":[],"class_list":["post-110728","post","type-post","status-publish","format-standard","has-post-thumbnail","hentry","category-politica"],"_links":{"self":[{"href":"https:\/\/www.caririemacao.com\/1\/wp-json\/wp\/v2\/posts\/110728","targetHints":{"allow":["GET"]}}],"collection":[{"href":"https:\/\/www.caririemacao.com\/1\/wp-json\/wp\/v2\/posts"}],"about":[{"href":"https:\/\/www.caririemacao.com\/1\/wp-json\/wp\/v2\/types\/post"}],"author":[{"embeddable":true,"href":"https:\/\/www.caririemacao.com\/1\/wp-json\/wp\/v2\/users\/1"}],"replies":[{"embeddable":true,"href":"https:\/\/www.caririemacao.com\/1\/wp-json\/wp\/v2\/comments?post=110728"}],"version-history":[{"count":1,"href":"https:\/\/www.caririemacao.com\/1\/wp-json\/wp\/v2\/posts\/110728\/revisions"}],"predecessor-version":[{"id":110730,"href":"https:\/\/www.caririemacao.com\/1\/wp-json\/wp\/v2\/posts\/110728\/revisions\/110730"}],"wp:featuredmedia":[{"embeddable":true,"href":"https:\/\/www.caririemacao.com\/1\/wp-json\/wp\/v2\/media\/110729"}],"wp:attachment":[{"href":"https:\/\/www.caririemacao.com\/1\/wp-json\/wp\/v2\/media?parent=110728"}],"wp:term":[{"taxonomy":"category","embeddable":true,"href":"https:\/\/www.caririemacao.com\/1\/wp-json\/wp\/v2\/categories?post=110728"},{"taxonomy":"post_tag","embeddable":true,"href":"https:\/\/www.caririemacao.com\/1\/wp-json\/wp\/v2\/tags?post=110728"}],"curies":[{"name":"wp","href":"https:\/\/api.w.org\/{rel}","templated":true}]}}