{"id":110736,"date":"2019-08-17T08:10:40","date_gmt":"2019-08-17T11:10:40","guid":{"rendered":"http:\/\/www.caririemacao.com\/1\/?p=110736"},"modified":"2019-08-17T08:10:40","modified_gmt":"2019-08-17T11:10:40","slug":"tite-convoca-selecao-para-amistosos-de-setembro","status":"publish","type":"post","link":"https:\/\/www.caririemacao.com\/1\/2019\/08\/17\/tite-convoca-selecao-para-amistosos-de-setembro\/","title":{"rendered":"Tite convoca sele\u00e7\u00e3o para amistosos de setembro"},"content":{"rendered":"\n<p>O t\u00e9cnico da Sele\u00e7\u00e3o Brasileira de Futebol Masculina, Tite, anunciou hoje (16) a lista de 23 jogadores que disputar\u00e3o os amistosos de setembro, contra o Peru e a Col\u00f4mbia.<\/p>\n\n\n\n<p>O Brasil enfrentar\u00e1 o Peru em Miami, no Est\u00e1dio Hard Rock Stadium, no dia 6 de setembro. No dia 10, ser\u00e1 a vez do jogo contra a Col\u00f4mbia, em Los Angeles, no Los Angeles Memorial Coliseum.<\/p>\n\n\n\n<p>A sele\u00e7\u00e3o convocada ter\u00e1 como novidades o goleiro Ivan, zagueiro Samir, lateral Jorge, atacante Bruno Henrique e a volta de Neymar que ficou de fora da Copa America por causa de uma les\u00e3o no p\u00e9.<\/p>\n\n\n\n<figure class=\"wp-block-image\"><img decoding=\"async\" data-src=\"http:\/\/imagens.ebc.com.br\/a8R7HZmJXzrK8qzG8DmYJxBT6OQ=\/754x0\/smart\/http:\/\/agenciabrasil.ebc.com.br\/sites\/default\/files\/thumbnails\/image\/card_selecao.jpg?itok=70vZjcCA\" alt=\"Convoca\u00e7\u00e3o da sele\u00e7\u00e3o de futebol\" src=\"data:image\/svg+xml;base64,PHN2ZyB3aWR0aD0iMSIgaGVpZ2h0PSIxIiB4bWxucz0iaHR0cDovL3d3dy53My5vcmcvMjAwMC9zdmciPjwvc3ZnPg==\" class=\"lazyload\" \/><\/figure>\n\n\n\n<p>Convoca\u00e7\u00e3o da sele\u00e7\u00e3o de futebol &#8211;&nbsp;<strong>EBC<\/strong><\/p>\n","protected":false},"excerpt":{"rendered":"<p>O t\u00e9cnico da Sele\u00e7\u00e3o Brasileira de Futebol Masculina, Tite, anunciou hoje (16) a lista de 23 jogadores que disputar\u00e3o os amistosos de setembro, contra o&hellip; <\/p>\n","protected":false},"author":1,"featured_media":110737,"comment_status":"closed","ping_status":"closed","sticky":false,"template":"","format":"standard","meta":{"sfsi_plus_gutenberg_text_before_share":"","sfsi_plus_gutenberg_show_text_before_share":"","sfsi_plus_gutenberg_icon_type":"","sfsi_plus_gutenberg_icon_alignemt":"","sfsi_plus_gutenburg_max_per_row":"","footnotes":""},"categories":[13],"tags":[],"class_list":["post-110736","post","type-post","status-publish","format-standard","has-post-thumbnail","hentry","category-esportes"],"_links":{"self":[{"href":"https:\/\/www.caririemacao.com\/1\/wp-json\/wp\/v2\/posts\/110736","targetHints":{"allow":["GET"]}}],"collection":[{"href":"https:\/\/www.caririemacao.com\/1\/wp-json\/wp\/v2\/posts"}],"about":[{"href":"https:\/\/www.caririemacao.com\/1\/wp-json\/wp\/v2\/types\/post"}],"author":[{"embeddable":true,"href":"https:\/\/www.caririemacao.com\/1\/wp-json\/wp\/v2\/users\/1"}],"replies":[{"embeddable":true,"href":"https:\/\/www.caririemacao.com\/1\/wp-json\/wp\/v2\/comments?post=110736"}],"version-history":[{"count":1,"href":"https:\/\/www.caririemacao.com\/1\/wp-json\/wp\/v2\/posts\/110736\/revisions"}],"predecessor-version":[{"id":110738,"href":"https:\/\/www.caririemacao.com\/1\/wp-json\/wp\/v2\/posts\/110736\/revisions\/110738"}],"wp:featuredmedia":[{"embeddable":true,"href":"https:\/\/www.caririemacao.com\/1\/wp-json\/wp\/v2\/media\/110737"}],"wp:attachment":[{"href":"https:\/\/www.caririemacao.com\/1\/wp-json\/wp\/v2\/media?parent=110736"}],"wp:term":[{"taxonomy":"category","embeddable":true,"href":"https:\/\/www.caririemacao.com\/1\/wp-json\/wp\/v2\/categories?post=110736"},{"taxonomy":"post_tag","embeddable":true,"href":"https:\/\/www.caririemacao.com\/1\/wp-json\/wp\/v2\/tags?post=110736"}],"curies":[{"name":"wp","href":"https:\/\/api.w.org\/{rel}","templated":true}]}}