{"id":110745,"date":"2019-08-17T08:27:18","date_gmt":"2019-08-17T11:27:18","guid":{"rendered":"http:\/\/www.caririemacao.com\/1\/?p=110745"},"modified":"2019-08-17T08:27:18","modified_gmt":"2019-08-17T11:27:18","slug":"escolas-da-pb-terao-que-fazer-cadastro-de-responsaveis-por-buscar-alunos","status":"publish","type":"post","link":"https:\/\/www.caririemacao.com\/1\/2019\/08\/17\/escolas-da-pb-terao-que-fazer-cadastro-de-responsaveis-por-buscar-alunos\/","title":{"rendered":"Escolas da PB ter\u00e3o que fazer cadastro de respons\u00e1veis por buscar alunos"},"content":{"rendered":"\n<p>Durante a sess\u00e3o desta ter\u00e7a-feira (13), a Assembleia Legislativa da Para\u00edba (ALPB) aprovou o Projeto de Lei Ordin\u00e1ria 267\/2019 que obriga a realiza\u00e7\u00e3o de cadastro das pessoas respons\u00e1veis por buscar alunos nas escolas da rede estadual de ensino.&nbsp; A propositura \u00e9 da deputada estadual Camila Toscano (PSDB) e tem o objetivo de garantir seguran\u00e7a aos estudantes.<\/p>\n\n\n\n<p>Segundo a mat\u00e9ria, aprovada por unanimidade, as escolas devem manter os cadastros atualizados e neles constar dados para identificar o respons\u00e1vel pela condu\u00e7\u00e3o do aluno, grau de parentesco e a expressa autoriza\u00e7\u00e3o por escrito de pelo menos um dos pais ou respons\u00e1veis legais.<\/p>\n\n\n\n<p>\u201cAl\u00e9m da obriga\u00e7\u00e3o de forma\u00e7\u00e3o educacional, moral e social, a escola tamb\u00e9m \u00e9 respons\u00e1vel pelo aluno, por sua integridade f\u00edsica e moral enquanto estes estiverem sob sua guarda. N\u00e3o s\u00e3o raros os casos de estranhos que se dirigem \u00e0 porta das escolas para retirar alguma crian\u00e7a com alega\u00e7\u00e3o que os pais autorizaram\u201d, destacou a parlamentar.<\/p>\n\n\n\n<p>De acordo com Camila, essa falta de controle das escolas em rela\u00e7\u00e3o as pessoas que respons\u00e1veis em buscar as crian\u00e7as, podem causar danos irrepar\u00e1veis aos alunos, como sequestros, furtos ou roubos, dentre outras viol\u00eancias praticadas por criminosos ou pessoas com m\u00e1-f\u00e9.<\/p>\n","protected":false},"excerpt":{"rendered":"<p>Durante a sess\u00e3o desta ter\u00e7a-feira (13), a Assembleia Legislativa da Para\u00edba (ALPB) aprovou o Projeto de Lei Ordin\u00e1ria 267\/2019 que obriga a realiza\u00e7\u00e3o de cadastro&hellip; <\/p>\n","protected":false},"author":1,"featured_media":89711,"comment_status":"closed","ping_status":"closed","sticky":false,"template":"","format":"standard","meta":{"sfsi_plus_gutenberg_text_before_share":"","sfsi_plus_gutenberg_show_text_before_share":"","sfsi_plus_gutenberg_icon_type":"","sfsi_plus_gutenberg_icon_alignemt":"","sfsi_plus_gutenburg_max_per_row":"","footnotes":""},"categories":[14],"tags":[],"class_list":["post-110745","post","type-post","status-publish","format-standard","has-post-thumbnail","hentry","category-educacao"],"_links":{"self":[{"href":"https:\/\/www.caririemacao.com\/1\/wp-json\/wp\/v2\/posts\/110745","targetHints":{"allow":["GET"]}}],"collection":[{"href":"https:\/\/www.caririemacao.com\/1\/wp-json\/wp\/v2\/posts"}],"about":[{"href":"https:\/\/www.caririemacao.com\/1\/wp-json\/wp\/v2\/types\/post"}],"author":[{"embeddable":true,"href":"https:\/\/www.caririemacao.com\/1\/wp-json\/wp\/v2\/users\/1"}],"replies":[{"embeddable":true,"href":"https:\/\/www.caririemacao.com\/1\/wp-json\/wp\/v2\/comments?post=110745"}],"version-history":[{"count":1,"href":"https:\/\/www.caririemacao.com\/1\/wp-json\/wp\/v2\/posts\/110745\/revisions"}],"predecessor-version":[{"id":110746,"href":"https:\/\/www.caririemacao.com\/1\/wp-json\/wp\/v2\/posts\/110745\/revisions\/110746"}],"wp:featuredmedia":[{"embeddable":true,"href":"https:\/\/www.caririemacao.com\/1\/wp-json\/wp\/v2\/media\/89711"}],"wp:attachment":[{"href":"https:\/\/www.caririemacao.com\/1\/wp-json\/wp\/v2\/media?parent=110745"}],"wp:term":[{"taxonomy":"category","embeddable":true,"href":"https:\/\/www.caririemacao.com\/1\/wp-json\/wp\/v2\/categories?post=110745"},{"taxonomy":"post_tag","embeddable":true,"href":"https:\/\/www.caririemacao.com\/1\/wp-json\/wp\/v2\/tags?post=110745"}],"curies":[{"name":"wp","href":"https:\/\/api.w.org\/{rel}","templated":true}]}}