{"id":110750,"date":"2019-08-17T08:46:54","date_gmt":"2019-08-17T11:46:54","guid":{"rendered":"http:\/\/www.caririemacao.com\/1\/?p=110750"},"modified":"2019-08-17T08:46:54","modified_gmt":"2019-08-17T11:46:54","slug":"imprensa-nacional-destaca-escola-cidada-integral-da-paraiba-como-referencia-mundial","status":"publish","type":"post","link":"https:\/\/www.caririemacao.com\/1\/2019\/08\/17\/imprensa-nacional-destaca-escola-cidada-integral-da-paraiba-como-referencia-mundial\/","title":{"rendered":"Imprensa nacional destaca Escola Cidad\u00e3 Integral da Para\u00edba como refer\u00eancia mundial"},"content":{"rendered":"\n<p>Projeto da Escola Cidad\u00e3 Integral da Para\u00edba foi destaque na imprensa nacional, sendo classificado como \u201cprograma mais promissor em muitos anos, revolucionando todo um sistema educacional no estado\u201d e considerado uma refer\u00eancia mundial. Mat\u00e9ria publicada no site Catraca Livre ressalta que, apesar dos problemas no pa\u00eds, o Estado acertou na f\u00f3rmula e tornou-se refer\u00eancia de qualidade at\u00e9 para pa\u00edses desenvolvidos, enfatizando ainda a oferta de forma\u00e7\u00e3o t\u00e9cnica, interc\u00e2mbio e vagas no mercado de trabalho por meio de parcerias com empresas.<\/p>\n\n\n\n<p>Entre as a\u00e7\u00f5es consideradas fundamentais para o sucesso do projeto, o Catraca Livre menciona a autonomia para o estudante montar sua grade curricular; oferta de melhores condi\u00e7\u00f5es de trabalho e efetiva\u00e7\u00e3o dos professores em uma s\u00f3 escola; parcerias e programas impulsionadores que estimulem alunos e professores; e medir e acompanhar o desempenho do ensino por meio da Secretaria de Educa\u00e7\u00e3o, conforme observa\u00e7\u00e3o feita pelo secret\u00e1rio da Educa\u00e7\u00e3o, Ci\u00eancia e Tecnologia, Al\u00e9ssio Trindade.<\/p>\n\n\n\n<p>A mat\u00e9ria destaca ainda os projetos impulsionadores, que visam elevar as chances de qualifica\u00e7\u00e3o dos alunos e professores, tais como: Se Liga no Enem, Gira Mundo, Primeira Chance.<\/p>\n\n\n\n<p><em>Confira a reportagem no link&nbsp;<\/em><a href=\"https:\/\/catracalivre.com.br\/educacao\/conheca-o-projeto-educacional-da-paraiba-que-e-referencia-mundial\/\"><em>https:\/\/catracalivre.com.br\/educacao\/conheca-o-projeto-educacional-da-paraiba-que-e-referencia-mundial\/<\/em><\/a><\/p>\n","protected":false},"excerpt":{"rendered":"<p>Projeto da Escola Cidad\u00e3 Integral da Para\u00edba foi destaque na imprensa nacional, sendo classificado como \u201cprograma mais promissor em muitos anos, revolucionando todo um sistema&hellip; <\/p>\n","protected":false},"author":1,"featured_media":110751,"comment_status":"closed","ping_status":"closed","sticky":false,"template":"","format":"standard","meta":{"sfsi_plus_gutenberg_text_before_share":"","sfsi_plus_gutenberg_show_text_before_share":"","sfsi_plus_gutenberg_icon_type":"","sfsi_plus_gutenberg_icon_alignemt":"","sfsi_plus_gutenburg_max_per_row":"","footnotes":""},"categories":[11],"tags":[],"class_list":["post-110750","post","type-post","status-publish","format-standard","has-post-thumbnail","hentry","category-politica"],"_links":{"self":[{"href":"https:\/\/www.caririemacao.com\/1\/wp-json\/wp\/v2\/posts\/110750","targetHints":{"allow":["GET"]}}],"collection":[{"href":"https:\/\/www.caririemacao.com\/1\/wp-json\/wp\/v2\/posts"}],"about":[{"href":"https:\/\/www.caririemacao.com\/1\/wp-json\/wp\/v2\/types\/post"}],"author":[{"embeddable":true,"href":"https:\/\/www.caririemacao.com\/1\/wp-json\/wp\/v2\/users\/1"}],"replies":[{"embeddable":true,"href":"https:\/\/www.caririemacao.com\/1\/wp-json\/wp\/v2\/comments?post=110750"}],"version-history":[{"count":1,"href":"https:\/\/www.caririemacao.com\/1\/wp-json\/wp\/v2\/posts\/110750\/revisions"}],"predecessor-version":[{"id":110752,"href":"https:\/\/www.caririemacao.com\/1\/wp-json\/wp\/v2\/posts\/110750\/revisions\/110752"}],"wp:featuredmedia":[{"embeddable":true,"href":"https:\/\/www.caririemacao.com\/1\/wp-json\/wp\/v2\/media\/110751"}],"wp:attachment":[{"href":"https:\/\/www.caririemacao.com\/1\/wp-json\/wp\/v2\/media?parent=110750"}],"wp:term":[{"taxonomy":"category","embeddable":true,"href":"https:\/\/www.caririemacao.com\/1\/wp-json\/wp\/v2\/categories?post=110750"},{"taxonomy":"post_tag","embeddable":true,"href":"https:\/\/www.caririemacao.com\/1\/wp-json\/wp\/v2\/tags?post=110750"}],"curies":[{"name":"wp","href":"https:\/\/api.w.org\/{rel}","templated":true}]}}