{"id":110759,"date":"2019-08-17T09:09:45","date_gmt":"2019-08-17T12:09:45","guid":{"rendered":"http:\/\/www.caririemacao.com\/1\/?p=110759"},"modified":"2019-08-17T09:09:45","modified_gmt":"2019-08-17T12:09:45","slug":"viatura-dirigida-por-delegada-capota-em-rodovia-na-paraiba","status":"publish","type":"post","link":"https:\/\/www.caririemacao.com\/1\/2019\/08\/17\/viatura-dirigida-por-delegada-capota-em-rodovia-na-paraiba\/","title":{"rendered":"Viatura dirigida por delegada capota em rodovia na Para\u00edba"},"content":{"rendered":"\n<p>Um acidente automobil\u00edstico envolveu uma delegada da Pol\u00edcia Civil. Trata-se da delegada Renata Silva, da Delegacia Civil do munic\u00edpio de Picu\u00ed. Ela ficou com ferimentos leves ap\u00f3s a viatura que dirigia ter capotado em um trecho da rodovia BR-104, no munic\u00edpio de Barra de Santa Rosa.<\/p>\n\n\n\n<p>No boletim policial transmitido na R\u00e1dio Panor\u00e2mica FM, um policial civil da Delegacia em Barra de Santa Rosa informou que a delegada dirigia uma viatura, mas perdeu o controle do ve\u00edculo, capotando diversas vezes. No momento do capotamento, a delegada usava cinto de seguran\u00e7a.<\/p>\n\n\n\n<p>Ela foi socorrida para um hospital em Barra de Santa Rosa e, em seguida, encaminhada para o Hospital Ant\u00f4nio Targino, em Campina Grande. Ela encontra-se em fase de recupera\u00e7\u00e3o.<\/p>\n","protected":false},"excerpt":{"rendered":"<p>Um acidente automobil\u00edstico envolveu uma delegada da Pol\u00edcia Civil. Trata-se da delegada Renata Silva, da Delegacia Civil do munic\u00edpio de Picu\u00ed. Ela ficou com ferimentos&hellip; <\/p>\n","protected":false},"author":1,"featured_media":41464,"comment_status":"closed","ping_status":"closed","sticky":false,"template":"","format":"standard","meta":{"sfsi_plus_gutenberg_text_before_share":"","sfsi_plus_gutenberg_show_text_before_share":"","sfsi_plus_gutenberg_icon_type":"","sfsi_plus_gutenberg_icon_alignemt":"","sfsi_plus_gutenburg_max_per_row":"","footnotes":""},"categories":[12],"tags":[],"class_list":["post-110759","post","type-post","status-publish","format-standard","has-post-thumbnail","hentry","category-policia"],"_links":{"self":[{"href":"https:\/\/www.caririemacao.com\/1\/wp-json\/wp\/v2\/posts\/110759","targetHints":{"allow":["GET"]}}],"collection":[{"href":"https:\/\/www.caririemacao.com\/1\/wp-json\/wp\/v2\/posts"}],"about":[{"href":"https:\/\/www.caririemacao.com\/1\/wp-json\/wp\/v2\/types\/post"}],"author":[{"embeddable":true,"href":"https:\/\/www.caririemacao.com\/1\/wp-json\/wp\/v2\/users\/1"}],"replies":[{"embeddable":true,"href":"https:\/\/www.caririemacao.com\/1\/wp-json\/wp\/v2\/comments?post=110759"}],"version-history":[{"count":1,"href":"https:\/\/www.caririemacao.com\/1\/wp-json\/wp\/v2\/posts\/110759\/revisions"}],"predecessor-version":[{"id":110760,"href":"https:\/\/www.caririemacao.com\/1\/wp-json\/wp\/v2\/posts\/110759\/revisions\/110760"}],"wp:featuredmedia":[{"embeddable":true,"href":"https:\/\/www.caririemacao.com\/1\/wp-json\/wp\/v2\/media\/41464"}],"wp:attachment":[{"href":"https:\/\/www.caririemacao.com\/1\/wp-json\/wp\/v2\/media?parent=110759"}],"wp:term":[{"taxonomy":"category","embeddable":true,"href":"https:\/\/www.caririemacao.com\/1\/wp-json\/wp\/v2\/categories?post=110759"},{"taxonomy":"post_tag","embeddable":true,"href":"https:\/\/www.caririemacao.com\/1\/wp-json\/wp\/v2\/tags?post=110759"}],"curies":[{"name":"wp","href":"https:\/\/api.w.org\/{rel}","templated":true}]}}