{"id":110764,"date":"2019-08-17T09:32:12","date_gmt":"2019-08-17T12:32:12","guid":{"rendered":"http:\/\/www.caririemacao.com\/1\/?p=110764"},"modified":"2019-08-17T09:32:12","modified_gmt":"2019-08-17T12:32:12","slug":"governador-concede-mais-alta-comenda-da-policia-militar-a-44-autoridades-civis-e-militares","status":"publish","type":"post","link":"https:\/\/www.caririemacao.com\/1\/2019\/08\/17\/governador-concede-mais-alta-comenda-da-policia-militar-a-44-autoridades-civis-e-militares\/","title":{"rendered":"Governador concede mais alta comenda da Pol\u00edcia Militar a 44 autoridades civis e militares"},"content":{"rendered":"\n<p>O governador da Para\u00edba, Jo\u00e3o Azev\u00eado, publicou ato governamental concedendo a Medalha do M\u00e9rito \u201cCel PM El\u00edsio Sobreira\u201d a 44 pessoas entre integrantes da Pol\u00edcia Militar, do Tribunal de Justi\u00e7a da Para\u00edba, titulares de Secretarias do Estado da Para\u00edba, um deputado federal. A concess\u00e3o da comenda foi proposta pelo Comandante Geral da Pol\u00edcia Militar, coronel Euller.<\/p>\n\n\n\n<p>O Ato Governamental assinado pelo governador foi publicado na edi\u00e7\u00e3o deste s\u00e1bado (17) do Di\u00e1rio Oficial do Estado. De acordo com o texto do ato, a concess\u00e3o da medalha e de seu respectivo diploma ser\u00e1 feita \u00e0s autoridades civis e militares citadas \u201cpor terem se destacado atrav\u00e9s de a\u00e7\u00f5es, servi\u00e7os e representa\u00e7\u00f5es essenciais \u00e0 boa proje\u00e7\u00e3o social da Pol\u00edcia Militar\u201d.<\/p>\n\n\n\n<p>A entrega da mais alta comenda da corpora\u00e7\u00e3o foi marcada para acontecer na pr\u00f3xima ter\u00e7a-feira (20) no Espa\u00e7o Cultural Jos\u00e9 Lins do R\u00eago, em Jo\u00e3o Pessoa. Na oportunidade ser\u00e1 feita a comemora\u00e7\u00e3o ao Dia do Patrono da Pol\u00edcia Militar da Para\u00edba \u201cCel PM El\u00edsio Sobreira\u201d.<\/p>\n\n\n\n<p>Dentre os homenageados est\u00e3o o deputado federal Dami\u00e3o Feliciano, o presidente do Tribunal de Justi\u00e7a, M\u00e1rcio Murilo da Cunha Ramos, o presidente do Tribunal de Contas do Estado, Arn\u00f3bio Viana, o presidente do Tribunal Regional do Trabalho da 13\u00aa Regi\u00e3o, Wolney de Macedo Cordeiro e o Chefe de Gabinete do Governador, Ronaldo Guerra.<\/p>\n\n\n\n<p><strong>Confira a lista completa dos homenageados pelo recebimento da Medalha do M\u00e9rito \u201cCel PM El\u00edsio Sobreira\u201d:<\/strong><\/p>\n\n\n\n<ul class=\"wp-block-list\"><li>Dami\u00e3o Feliciano da Silva \u2013 Deputado Federal;<\/li><li>&nbsp;M\u00e1rcio Murilo da Cunha Ramos \u2013 Desembargador \u2013 Presidente do TJPB;<\/li><li>&nbsp;Arn\u00f3bio Alves Teod\u00f3sio \u2013 Desembargador \u2013 Vice-Presidente do TJPB;<\/li><li>&nbsp;Jos\u00e9 Ricardo Porto \u2013 Desembargador \u2013 TJPB;<\/li><li>&nbsp;Jo\u00e3o Benedito da Silva \u2013 Desembargador \u2013 TJPB;<\/li><li>&nbsp;Leandro dos Santos \u2013 Desembargador \u2013 TJPB;<\/li><li>&nbsp;Wolney de Macedo Cordeiro \u2013 Desembargador \u2013 Presidente do TRT-13a Regi\u00e3o;<\/li><li>&nbsp;Valberto Cosme de Lira \u2013 Procurador de Justi\u00e7a \u2013 MPPB;<\/li><li>&nbsp;Rodrigo Marques Silva Lima \u2013 Juiz de Direito \u2013 TJPB;<\/li><li>&nbsp;Ant\u00f4nio Carneiro de Paiva J\u00fanior \u2013 Juiz de Direito \u2013 TJPB;<\/li><li>&nbsp;Eslu Eloy Filho \u2013 Juiz de Direito \u2013 TJPB;<\/li><li>&nbsp;Arn\u00f3bio Alves Viana \u2013 Conselheiro \u2013 Presidente do TCE-PB;<\/li><li>&nbsp;Jos\u00e9 Guilherme Soares Lemos \u2013 Promotor de Justi\u00e7a \u2013 MPPB;<\/li><li>&nbsp;Rhomeika Maria de Fran\u00e7a Porto \u2013 Promotora de Justi\u00e7a \u2013 MPPB<\/li><li>&nbsp;T\u00falio C\u00e9sar Fernandes Neves \u2013 Promotor de Justi\u00e7a \u2013 MPPB<\/li><li>&nbsp;Al\u00e9ssio Trindade de Barros \u2013 Secret\u00e1rio de Estado da Educa\u00e7\u00e3o, Ci\u00eancia e Tecnologia;<\/li><li>&nbsp;Geraldo Ant\u00f4nio de Medeiros \u2013 Secret\u00e1rio de Estado da Sa\u00fade;<\/li><li>&nbsp;Gilvaneide Nunes da Silva \u2013 Secret\u00e1ria de Estado do Desenvolvimento Humano;<\/li><li>&nbsp;Gilberta Santos Soares \u2013 Secret\u00e1ria de Estado da Mulher e da Diversidade Humana;<\/li><li>&nbsp;Marialvo Laureano dos Santos Filho \u2013 Secret\u00e1rio de Estado da Fazenda;<\/li><li>&nbsp;Ronaldo S\u00e9rgio Guerra Dominoni \u2013 Chefe de Gabinete do Governador;<\/li><li>&nbsp;Jos\u00e9 Luis Ara\u00fajo dos Santos \u2013 Cel Eng. EB \u2013 Chefe do Estado-Maior do 1o Gpt E;<\/li><li>&nbsp;Marcelo Augusto de Ara\u00fajo Bezerra \u2013 Coronel BM \u2013 Comandante-Geral do CBMPB;<\/li><li>&nbsp;Carlos Alberto de Ara\u00fajo Gomes J\u00fanior \u2013 Cel PMSC \u2013 Presidente do CNCG;<\/li><li>&nbsp;Alarico Jos\u00e9 Pessoa Azev\u00eado J\u00fanior \u2013 Cel PMRN \u2013 Comandante-Geral da PMRN;<\/li><li>&nbsp;Cassandra Eliane Figueiredo Dias \u2013 Diretora Executiva do IPHAEP;<\/li><li>&nbsp;Jo\u00e3o Paulo Ferreira Barros \u2013 Secret\u00e1rio Executivo da SEAP;<\/li><li>&nbsp;Lucas Severiano de Lima Medeiros \u2013 Coronel BM \u2013 Subcomandante-Geral do CBMPB;<\/li><li>&nbsp;Zacarias Figueiredo de Mendon\u00e7a Neto \u2013 Cel PMRN \u2013 Subcomandante-Geral da PMRN;<\/li><li>&nbsp;Bruno Rodrigues dos Santos \u2013 Delegado da Pol\u00edcia Federal;<\/li><li>&nbsp;Cristiano Jacques de Lima Ara\u00fajo \u2013 Delegado de Pol\u00edcia Civil;<\/li><li>&nbsp;Edglay Barros \u2013 Papiloscopista Policial Federal;<\/li><li>&nbsp;Carlos Andr\u00e9 da Concei\u00e7\u00e3o Costa \u2013 Superintendente da PRF na Para\u00edba;<\/li><li>&nbsp;Maj QOC, Matr. 521.307-0, Giuseppe BRUNO Rodrigues Lima\u2013 PMPB;<\/li><li>&nbsp;Cap QOC, Matr. 520.720-7, Helena RAKEL de Alencar Matias \u2013 PMPB;<\/li><li>&nbsp;Cap QOC, Matr. 521.301-1, Leonardo Antonio de Souza NEVES \u2013 PMPB;<\/li><li>&nbsp;Cap QOC, Matr. 522.365-2, JAMERSON Ab\u00edlio de Souza \u2013 PMPB;<\/li><li>&nbsp;Cap QOC, Matr. 522.866-2, GUILHERME Herculano Fernandes \u2013 PMPB<\/li><li>&nbsp;Cap QOC, Matr. 522.862-0, Handerson GLEBER de Lima Cavalcanti \u2013 PMPB;<\/li><li>&nbsp;Cap QOC, Matr. 524.355-6, Ant\u00f4nio FIRMINO Veras \u2013 PMPB;<\/li><li>&nbsp;3o Sgt PM, Matr. 522.570-1, GILDENES Alves dos Santos \u2013 PMPB;<\/li><li>&nbsp;Cb PM, Matr. 521.995-7, Bon\u00e9gio BRASIL de Lima \u2013 PMPB;<\/li><li>&nbsp;Sd PM, Matr. 528.459-7, Harisson da Silva MARTINS \u2013 PMPB;<\/li><\/ul>\n\n\n\n<figure class=\"wp-block-image\"><img decoding=\"async\" data-src=\"https:\/\/www.clickpb.com.br\/media\/filer_public\/0b\/73\/0b73f754-5b58-45d1-b38b-b8fdb85bc22f\/medalha_do_merito_cel_pm_elisio_sobreira.png\" alt=\"\" src=\"data:image\/svg+xml;base64,PHN2ZyB3aWR0aD0iMSIgaGVpZ2h0PSIxIiB4bWxucz0iaHR0cDovL3d3dy53My5vcmcvMjAwMC9zdmciPjwvc3ZnPg==\" class=\"lazyload\" \/><\/figure>\n","protected":false},"excerpt":{"rendered":"<p>O governador da Para\u00edba, Jo\u00e3o Azev\u00eado, publicou ato governamental concedendo a Medalha do M\u00e9rito \u201cCel PM El\u00edsio Sobreira\u201d a 44 pessoas entre integrantes da Pol\u00edcia&hellip; <\/p>\n","protected":false},"author":1,"featured_media":110765,"comment_status":"closed","ping_status":"closed","sticky":false,"template":"","format":"standard","meta":{"sfsi_plus_gutenberg_text_before_share":"","sfsi_plus_gutenberg_show_text_before_share":"","sfsi_plus_gutenberg_icon_type":"","sfsi_plus_gutenberg_icon_alignemt":"","sfsi_plus_gutenburg_max_per_row":"","footnotes":""},"categories":[11],"tags":[],"class_list":["post-110764","post","type-post","status-publish","format-standard","has-post-thumbnail","hentry","category-politica"],"_links":{"self":[{"href":"https:\/\/www.caririemacao.com\/1\/wp-json\/wp\/v2\/posts\/110764","targetHints":{"allow":["GET"]}}],"collection":[{"href":"https:\/\/www.caririemacao.com\/1\/wp-json\/wp\/v2\/posts"}],"about":[{"href":"https:\/\/www.caririemacao.com\/1\/wp-json\/wp\/v2\/types\/post"}],"author":[{"embeddable":true,"href":"https:\/\/www.caririemacao.com\/1\/wp-json\/wp\/v2\/users\/1"}],"replies":[{"embeddable":true,"href":"https:\/\/www.caririemacao.com\/1\/wp-json\/wp\/v2\/comments?post=110764"}],"version-history":[{"count":1,"href":"https:\/\/www.caririemacao.com\/1\/wp-json\/wp\/v2\/posts\/110764\/revisions"}],"predecessor-version":[{"id":110766,"href":"https:\/\/www.caririemacao.com\/1\/wp-json\/wp\/v2\/posts\/110764\/revisions\/110766"}],"wp:featuredmedia":[{"embeddable":true,"href":"https:\/\/www.caririemacao.com\/1\/wp-json\/wp\/v2\/media\/110765"}],"wp:attachment":[{"href":"https:\/\/www.caririemacao.com\/1\/wp-json\/wp\/v2\/media?parent=110764"}],"wp:term":[{"taxonomy":"category","embeddable":true,"href":"https:\/\/www.caririemacao.com\/1\/wp-json\/wp\/v2\/categories?post=110764"},{"taxonomy":"post_tag","embeddable":true,"href":"https:\/\/www.caririemacao.com\/1\/wp-json\/wp\/v2\/tags?post=110764"}],"curies":[{"name":"wp","href":"https:\/\/api.w.org\/{rel}","templated":true}]}}