{"id":110778,"date":"2019-08-17T09:40:30","date_gmt":"2019-08-17T12:40:30","guid":{"rendered":"http:\/\/www.caririemacao.com\/1\/?p=110778"},"modified":"2019-08-17T09:41:37","modified_gmt":"2019-08-17T12:41:37","slug":"escritorio-de-ricardo-coutinho-e-arrombado-e-bandidos-levam-computador-pessoal-do-ex-governador-da-paraiba","status":"publish","type":"post","link":"https:\/\/www.caririemacao.com\/1\/2019\/08\/17\/escritorio-de-ricardo-coutinho-e-arrombado-e-bandidos-levam-computador-pessoal-do-ex-governador-da-paraiba\/","title":{"rendered":"Escrit\u00f3rio de Ricardo Coutinho \u00e9 arrombado e bandidos levam computador pessoal do ex-governador da Para\u00edba"},"content":{"rendered":"\n<p>O escrit\u00f3rio do ex-governador da Para\u00edba, Ricardo Coutinho, foi arrombado em Jo\u00e3o Pessoa.&nbsp;A informa\u00e7\u00e3o \u00e9 do jornalista Ti\u00e3o Lucena, que atuou como secret\u00e1rio executivo de comunica\u00e7\u00e3o&nbsp;no segundo mandato de Ricardo.<\/p>\n\n\n\n<p>Durante a a\u00e7\u00e3o, o autor do arrombamento revirou as gavetas e tomou o computador, impressora e a m\u00e1quina de caf\u00e9 do local.<\/p>\n\n\n\n<p>Ainda conforme relato de Ti\u00e3o Lucena, o suspeito&nbsp;teria usado luvas para n\u00e3o deixar impress\u00f5es digitais no local.<\/p>\n\n\n\n<p>O escrit\u00f3rio fica no Bairro dos Estados, na Capital.<\/p>\n","protected":false},"excerpt":{"rendered":"<p>O escrit\u00f3rio do ex-governador da Para\u00edba, Ricardo Coutinho, foi arrombado em Jo\u00e3o Pessoa.&nbsp;A informa\u00e7\u00e3o \u00e9 do jornalista Ti\u00e3o Lucena, que atuou como secret\u00e1rio executivo de&hellip; <\/p>\n","protected":false},"author":1,"featured_media":51753,"comment_status":"closed","ping_status":"closed","sticky":false,"template":"","format":"standard","meta":{"sfsi_plus_gutenberg_text_before_share":"","sfsi_plus_gutenberg_show_text_before_share":"","sfsi_plus_gutenberg_icon_type":"","sfsi_plus_gutenberg_icon_alignemt":"","sfsi_plus_gutenburg_max_per_row":"","footnotes":""},"categories":[12],"tags":[],"class_list":["post-110778","post","type-post","status-publish","format-standard","has-post-thumbnail","hentry","category-policia"],"_links":{"self":[{"href":"https:\/\/www.caririemacao.com\/1\/wp-json\/wp\/v2\/posts\/110778","targetHints":{"allow":["GET"]}}],"collection":[{"href":"https:\/\/www.caririemacao.com\/1\/wp-json\/wp\/v2\/posts"}],"about":[{"href":"https:\/\/www.caririemacao.com\/1\/wp-json\/wp\/v2\/types\/post"}],"author":[{"embeddable":true,"href":"https:\/\/www.caririemacao.com\/1\/wp-json\/wp\/v2\/users\/1"}],"replies":[{"embeddable":true,"href":"https:\/\/www.caririemacao.com\/1\/wp-json\/wp\/v2\/comments?post=110778"}],"version-history":[{"count":1,"href":"https:\/\/www.caririemacao.com\/1\/wp-json\/wp\/v2\/posts\/110778\/revisions"}],"predecessor-version":[{"id":110779,"href":"https:\/\/www.caririemacao.com\/1\/wp-json\/wp\/v2\/posts\/110778\/revisions\/110779"}],"wp:featuredmedia":[{"embeddable":true,"href":"https:\/\/www.caririemacao.com\/1\/wp-json\/wp\/v2\/media\/51753"}],"wp:attachment":[{"href":"https:\/\/www.caririemacao.com\/1\/wp-json\/wp\/v2\/media?parent=110778"}],"wp:term":[{"taxonomy":"category","embeddable":true,"href":"https:\/\/www.caririemacao.com\/1\/wp-json\/wp\/v2\/categories?post=110778"},{"taxonomy":"post_tag","embeddable":true,"href":"https:\/\/www.caririemacao.com\/1\/wp-json\/wp\/v2\/tags?post=110778"}],"curies":[{"name":"wp","href":"https:\/\/api.w.org\/{rel}","templated":true}]}}