{"id":110785,"date":"2019-08-17T09:44:46","date_gmt":"2019-08-17T12:44:46","guid":{"rendered":"http:\/\/www.caririemacao.com\/1\/?p=110785"},"modified":"2019-08-17T09:44:46","modified_gmt":"2019-08-17T12:44:46","slug":"prefeito-inacio-nobrega-agradeceu-aos-vereadores-amparenses-pela-aprovacao-de-suas-contas-do-exercicio-de-2017","status":"publish","type":"post","link":"https:\/\/www.caririemacao.com\/1\/2019\/08\/17\/prefeito-inacio-nobrega-agradeceu-aos-vereadores-amparenses-pela-aprovacao-de-suas-contas-do-exercicio-de-2017\/","title":{"rendered":"Prefeito In\u00e1cio N\u00f3brega agradeceu aos Vereadores Amparenses pela aprova\u00e7\u00e3o de suas contas do Exerc\u00edcio de 2017"},"content":{"rendered":"\n<p>Na noite desta quinta-feira (15), as Contas do Prefeito In\u00e1cio N\u00f3brega (DEM) referentes ao Exerc\u00edcio de 2017 foram julgadas e aprovadas pela C\u00e2mara Municipal de Vereadores. As contas do gestor j\u00e1 haviam sido aprovadas por unanimidade pelo Tribunal de Contas da Para\u00edba, faltando apenas a vota\u00e7\u00e3o dos vereadores.<br>O prefeito In\u00e1cio N\u00f3brega tem trabalhado em todas as \u00e1reas do munic\u00edpio, buscando sempre melhorar a qualidade de vida dos moradores Amparenses, o mesmo agradeceu publicamente a todos os vereadores pela analise e aprova\u00e7\u00e3o de suas contas.&nbsp;<\/p>\n\n\n\n<p>\u201cQuero agradecer a Deus primeiramente e a toda equipe que faz parte da Gest\u00e3o Inovando para Crescer pela aprova\u00e7\u00e3o das contas de 2017, e quero tamb\u00e9m parabenizar e agradecer todos os vereadores pelo posicionamento favor\u00e1vel as contas de uma gest\u00e3o que vem trabalhando muito por nosso munic\u00edpio.\u201d<br>Amparo Ligado<\/p>\n","protected":false},"excerpt":{"rendered":"<p>Na noite desta quinta-feira (15), as Contas do Prefeito In\u00e1cio N\u00f3brega (DEM) referentes ao Exerc\u00edcio de 2017 foram julgadas e aprovadas pela C\u00e2mara Municipal de&hellip; <\/p>\n","protected":false},"author":1,"featured_media":92198,"comment_status":"closed","ping_status":"closed","sticky":false,"template":"","format":"standard","meta":{"sfsi_plus_gutenberg_text_before_share":"","sfsi_plus_gutenberg_show_text_before_share":"","sfsi_plus_gutenberg_icon_type":"","sfsi_plus_gutenberg_icon_alignemt":"","sfsi_plus_gutenburg_max_per_row":"","footnotes":""},"categories":[6],"tags":[],"class_list":["post-110785","post","type-post","status-publish","format-standard","has-post-thumbnail","hentry","category-cidades"],"_links":{"self":[{"href":"https:\/\/www.caririemacao.com\/1\/wp-json\/wp\/v2\/posts\/110785","targetHints":{"allow":["GET"]}}],"collection":[{"href":"https:\/\/www.caririemacao.com\/1\/wp-json\/wp\/v2\/posts"}],"about":[{"href":"https:\/\/www.caririemacao.com\/1\/wp-json\/wp\/v2\/types\/post"}],"author":[{"embeddable":true,"href":"https:\/\/www.caririemacao.com\/1\/wp-json\/wp\/v2\/users\/1"}],"replies":[{"embeddable":true,"href":"https:\/\/www.caririemacao.com\/1\/wp-json\/wp\/v2\/comments?post=110785"}],"version-history":[{"count":1,"href":"https:\/\/www.caririemacao.com\/1\/wp-json\/wp\/v2\/posts\/110785\/revisions"}],"predecessor-version":[{"id":110786,"href":"https:\/\/www.caririemacao.com\/1\/wp-json\/wp\/v2\/posts\/110785\/revisions\/110786"}],"wp:featuredmedia":[{"embeddable":true,"href":"https:\/\/www.caririemacao.com\/1\/wp-json\/wp\/v2\/media\/92198"}],"wp:attachment":[{"href":"https:\/\/www.caririemacao.com\/1\/wp-json\/wp\/v2\/media?parent=110785"}],"wp:term":[{"taxonomy":"category","embeddable":true,"href":"https:\/\/www.caririemacao.com\/1\/wp-json\/wp\/v2\/categories?post=110785"},{"taxonomy":"post_tag","embeddable":true,"href":"https:\/\/www.caririemacao.com\/1\/wp-json\/wp\/v2\/tags?post=110785"}],"curies":[{"name":"wp","href":"https:\/\/api.w.org\/{rel}","templated":true}]}}