{"id":110793,"date":"2019-08-17T09:59:35","date_gmt":"2019-08-17T12:59:35","guid":{"rendered":"http:\/\/www.caririemacao.com\/1\/?p=110793"},"modified":"2019-08-17T09:59:35","modified_gmt":"2019-08-17T12:59:35","slug":"policia-prende-suspeito-de-porte-ilegal-de-armas-no-sertao-paraibano","status":"publish","type":"post","link":"https:\/\/www.caririemacao.com\/1\/2019\/08\/17\/policia-prende-suspeito-de-porte-ilegal-de-armas-no-sertao-paraibano\/","title":{"rendered":"Pol\u00edcia prende suspeito de porte ilegal de armas no Sert\u00e3o paraibano"},"content":{"rendered":"\n<p>Na tarde dessa sexta-feira (16), policiais do 3\u00ba Batalh\u00e3o de Pol\u00edcia Militar prenderam um homem por porte ilegal de armas. O suspeito, de 66 anos, estava com um rev\u00f3lver.<\/p>\n\n\n\n<p>A equipe policial realizava rondas, quando recebeu informa\u00e7\u00f5es de populares, que um indiv\u00edduo com sinais de embriaguez portava uma arma de fogo em via p\u00fablica. Rapidamente, a equipe policial chegou ao local e, na abordagem, foi encontrada a arma de fogo, um rev\u00f3lver calibre 38, com seis muni\u00e7\u00f5es intactas.<\/p>\n","protected":false},"excerpt":{"rendered":"<p>Na tarde dessa sexta-feira (16), policiais do 3\u00ba Batalh\u00e3o de Pol\u00edcia Militar prenderam um homem por porte ilegal de armas. O suspeito, de 66 anos,&hellip; <\/p>\n","protected":false},"author":1,"featured_media":110794,"comment_status":"closed","ping_status":"closed","sticky":false,"template":"","format":"standard","meta":{"sfsi_plus_gutenberg_text_before_share":"","sfsi_plus_gutenberg_show_text_before_share":"","sfsi_plus_gutenberg_icon_type":"","sfsi_plus_gutenberg_icon_alignemt":"","sfsi_plus_gutenburg_max_per_row":"","footnotes":""},"categories":[12],"tags":[],"class_list":["post-110793","post","type-post","status-publish","format-standard","has-post-thumbnail","hentry","category-policia"],"_links":{"self":[{"href":"https:\/\/www.caririemacao.com\/1\/wp-json\/wp\/v2\/posts\/110793","targetHints":{"allow":["GET"]}}],"collection":[{"href":"https:\/\/www.caririemacao.com\/1\/wp-json\/wp\/v2\/posts"}],"about":[{"href":"https:\/\/www.caririemacao.com\/1\/wp-json\/wp\/v2\/types\/post"}],"author":[{"embeddable":true,"href":"https:\/\/www.caririemacao.com\/1\/wp-json\/wp\/v2\/users\/1"}],"replies":[{"embeddable":true,"href":"https:\/\/www.caririemacao.com\/1\/wp-json\/wp\/v2\/comments?post=110793"}],"version-history":[{"count":1,"href":"https:\/\/www.caririemacao.com\/1\/wp-json\/wp\/v2\/posts\/110793\/revisions"}],"predecessor-version":[{"id":110795,"href":"https:\/\/www.caririemacao.com\/1\/wp-json\/wp\/v2\/posts\/110793\/revisions\/110795"}],"wp:featuredmedia":[{"embeddable":true,"href":"https:\/\/www.caririemacao.com\/1\/wp-json\/wp\/v2\/media\/110794"}],"wp:attachment":[{"href":"https:\/\/www.caririemacao.com\/1\/wp-json\/wp\/v2\/media?parent=110793"}],"wp:term":[{"taxonomy":"category","embeddable":true,"href":"https:\/\/www.caririemacao.com\/1\/wp-json\/wp\/v2\/categories?post=110793"},{"taxonomy":"post_tag","embeddable":true,"href":"https:\/\/www.caririemacao.com\/1\/wp-json\/wp\/v2\/tags?post=110793"}],"curies":[{"name":"wp","href":"https:\/\/api.w.org\/{rel}","templated":true}]}}