{"id":110804,"date":"2019-08-17T10:29:22","date_gmt":"2019-08-17T13:29:22","guid":{"rendered":"http:\/\/www.caririemacao.com\/1\/?p=110804"},"modified":"2019-08-17T10:29:22","modified_gmt":"2019-08-17T13:29:22","slug":"psl-inicia-neste-sabado-campanha-para-atingir-um-milhao-de-filiados","status":"publish","type":"post","link":"https:\/\/www.caririemacao.com\/1\/2019\/08\/17\/psl-inicia-neste-sabado-campanha-para-atingir-um-milhao-de-filiados\/","title":{"rendered":"PSL inicia neste s\u00e1bado campanha para atingir um milh\u00e3o de filiados"},"content":{"rendered":"\n<p>O PSL, partido do presidente Jair Bolsonaro, inicia neste&nbsp; s\u00e1bado (17), uma campanha de filia\u00e7\u00e3o na legenda. A meta \u00e9 atingir cerca de um milh\u00e3o de filiados no pa\u00eds e fortalecer as bases para as elei\u00e7\u00f5es de 2020.<\/p>\n\n\n\n<p>Na Para\u00edba, o evento acontecer\u00e1 a partir das 15h, no Hotel Cai\u00e7ara, em Jo\u00e3o Pessoa. \u00c9 esperado para o encontro caravanas de todo o Estado<\/p>\n\n\n\n<p>\u201cNossa inten\u00e7\u00e3o \u00e9 colocar pessoas que n\u00e3o sejam do meio pol\u00edtico e viciados em cargos na prostitui\u00e7\u00e3o pol\u00edtica. Queremos professores, advogados e jornalistas que queiram entrar em uma legenda sem precisar pagar para poder concorrer assim como eu entrei\u201d, disse o deputado federal pela Para\u00edba, Julian Lemos.<\/p>\n\n\n\n<p>Atualmente o partido conta com 271 mil filiados e a meta \u00e9 dobrar esse n\u00famero at\u00e9 outubro. Hoje o PSL \u00e9 o 16\u00ba partido em n\u00famero de filiados. Se conseguir at\u00e9 outubro de 2020, o partido entrar\u00e1 na lista das dez mais populares siglas.<\/p>\n\n\n\n<p>Quem lidera o ranking \u00e9 o MDB (com 2,39 milh\u00f5es de filiados), seguido por PT (1,59 milh\u00e3o), PSDB (1,46 milh\u00e3o), PP (1,44 milh\u00e3o) e PDT (1,25 milh\u00e3o). A data foi escolhida para casar com o n\u00famero eleitoral da sigla.<\/p>\n\n\n\n<p><strong>MaisPB<\/strong><\/p>\n","protected":false},"excerpt":{"rendered":"<p>O PSL, partido do presidente Jair Bolsonaro, inicia neste&nbsp; s\u00e1bado (17), uma campanha de filia\u00e7\u00e3o na legenda. A meta \u00e9 atingir cerca de um milh\u00e3o&hellip; <\/p>\n","protected":false},"author":1,"featured_media":110805,"comment_status":"closed","ping_status":"closed","sticky":false,"template":"","format":"standard","meta":{"sfsi_plus_gutenberg_text_before_share":"","sfsi_plus_gutenberg_show_text_before_share":"","sfsi_plus_gutenberg_icon_type":"","sfsi_plus_gutenberg_icon_alignemt":"","sfsi_plus_gutenburg_max_per_row":"","footnotes":""},"categories":[11],"tags":[],"class_list":["post-110804","post","type-post","status-publish","format-standard","has-post-thumbnail","hentry","category-politica"],"_links":{"self":[{"href":"https:\/\/www.caririemacao.com\/1\/wp-json\/wp\/v2\/posts\/110804","targetHints":{"allow":["GET"]}}],"collection":[{"href":"https:\/\/www.caririemacao.com\/1\/wp-json\/wp\/v2\/posts"}],"about":[{"href":"https:\/\/www.caririemacao.com\/1\/wp-json\/wp\/v2\/types\/post"}],"author":[{"embeddable":true,"href":"https:\/\/www.caririemacao.com\/1\/wp-json\/wp\/v2\/users\/1"}],"replies":[{"embeddable":true,"href":"https:\/\/www.caririemacao.com\/1\/wp-json\/wp\/v2\/comments?post=110804"}],"version-history":[{"count":1,"href":"https:\/\/www.caririemacao.com\/1\/wp-json\/wp\/v2\/posts\/110804\/revisions"}],"predecessor-version":[{"id":110806,"href":"https:\/\/www.caririemacao.com\/1\/wp-json\/wp\/v2\/posts\/110804\/revisions\/110806"}],"wp:featuredmedia":[{"embeddable":true,"href":"https:\/\/www.caririemacao.com\/1\/wp-json\/wp\/v2\/media\/110805"}],"wp:attachment":[{"href":"https:\/\/www.caririemacao.com\/1\/wp-json\/wp\/v2\/media?parent=110804"}],"wp:term":[{"taxonomy":"category","embeddable":true,"href":"https:\/\/www.caririemacao.com\/1\/wp-json\/wp\/v2\/categories?post=110804"},{"taxonomy":"post_tag","embeddable":true,"href":"https:\/\/www.caririemacao.com\/1\/wp-json\/wp\/v2\/tags?post=110804"}],"curies":[{"name":"wp","href":"https:\/\/api.w.org\/{rel}","templated":true}]}}