{"id":110809,"date":"2019-08-17T11:28:41","date_gmt":"2019-08-17T14:28:41","guid":{"rendered":"http:\/\/www.caririemacao.com\/1\/?p=110809"},"modified":"2019-08-17T11:28:41","modified_gmt":"2019-08-17T14:28:41","slug":"monteiro-promove-1o-encontro-de-lgbts","status":"publish","type":"post","link":"https:\/\/www.caririemacao.com\/1\/2019\/08\/17\/monteiro-promove-1o-encontro-de-lgbts\/","title":{"rendered":"Monteiro promove 1\u00ba Encontro de LGBTS"},"content":{"rendered":"\n<figure class=\"wp-block-image\"><a href=\"https:\/\/1.bp.blogspot.com\/-HpZj3o58aAg\/XVfs4X3vaZI\/AAAAAAAAGXY\/TgoSSJBM0q46HDaFjO7kXTmtyiQXBPkqgCLcBGAs\/s1600\/1.png\"><img decoding=\"async\" data-src=\"https:\/\/1.bp.blogspot.com\/-HpZj3o58aAg\/XVfs4X3vaZI\/AAAAAAAAGXY\/TgoSSJBM0q46HDaFjO7kXTmtyiQXBPkqgCLcBGAs\/s280\/1.png\" alt=\"\" src=\"data:image\/svg+xml;base64,PHN2ZyB3aWR0aD0iMSIgaGVpZ2h0PSIxIiB4bWxucz0iaHR0cDovL3d3dy53My5vcmcvMjAwMC9zdmciPjwvc3ZnPg==\" class=\"lazyload\" \/><\/a><\/figure>\n\n\n\n<p>A prefeitura municipal de Monteiro, de forma pioneira e atrav\u00e9s da secret\u00e1ria de Desenvolvimento Social promover\u00e1 na pr\u00f3xima semana o 1\u00ba Encontro de LGBTS do munic\u00edpio.<br>O evento acontece na quarta feira (20), no espa\u00e7o do Centro de Gastronomia do munic\u00edpio, no bairro do Alto de S\u00e3o Vicente, \u00e0 partir das 19 horas.<br>O encontro debater\u00e1 temas como: Homofobia, pol\u00edticas p\u00fablicas para LGBTS na Para\u00edba, crimes violentos e letais contra LGBTS no estado, e enfrentamento a LGBTfobia, atrav\u00e9s de depoimentos de parentes, roda de di\u00e1logos e din\u00e2micas.<br>Estar\u00e3o presentes, representantes do governo do estado, atrav\u00e9s da secretaria de estado da mulher e da diversidade humana da Para\u00edba.<br>Haver\u00e1 ainda apresenta\u00e7\u00f5es musicais, e um delicioso coffebreak.<br>A secretaria de desenvolvimento social espera contar com um grande p\u00fablico neste evento democr\u00e1tico, inclusivo e pioneiro.<br>F\u00c1BIO BRITO<\/p>\n","protected":false},"excerpt":{"rendered":"<p>A prefeitura municipal de Monteiro, de forma pioneira e atrav\u00e9s da secret\u00e1ria de Desenvolvimento Social promover\u00e1 na pr\u00f3xima semana o 1\u00ba Encontro de LGBTS do&hellip; <\/p>\n","protected":false},"author":1,"featured_media":20927,"comment_status":"closed","ping_status":"closed","sticky":false,"template":"","format":"standard","meta":{"sfsi_plus_gutenberg_text_before_share":"","sfsi_plus_gutenberg_show_text_before_share":"","sfsi_plus_gutenberg_icon_type":"","sfsi_plus_gutenberg_icon_alignemt":"","sfsi_plus_gutenburg_max_per_row":"","footnotes":""},"categories":[50,2],"tags":[],"class_list":["post-110809","post","type-post","status-publish","format-standard","has-post-thumbnail","hentry","category-destaque","category-geral"],"_links":{"self":[{"href":"https:\/\/www.caririemacao.com\/1\/wp-json\/wp\/v2\/posts\/110809","targetHints":{"allow":["GET"]}}],"collection":[{"href":"https:\/\/www.caririemacao.com\/1\/wp-json\/wp\/v2\/posts"}],"about":[{"href":"https:\/\/www.caririemacao.com\/1\/wp-json\/wp\/v2\/types\/post"}],"author":[{"embeddable":true,"href":"https:\/\/www.caririemacao.com\/1\/wp-json\/wp\/v2\/users\/1"}],"replies":[{"embeddable":true,"href":"https:\/\/www.caririemacao.com\/1\/wp-json\/wp\/v2\/comments?post=110809"}],"version-history":[{"count":1,"href":"https:\/\/www.caririemacao.com\/1\/wp-json\/wp\/v2\/posts\/110809\/revisions"}],"predecessor-version":[{"id":110810,"href":"https:\/\/www.caririemacao.com\/1\/wp-json\/wp\/v2\/posts\/110809\/revisions\/110810"}],"wp:featuredmedia":[{"embeddable":true,"href":"https:\/\/www.caririemacao.com\/1\/wp-json\/wp\/v2\/media\/20927"}],"wp:attachment":[{"href":"https:\/\/www.caririemacao.com\/1\/wp-json\/wp\/v2\/media?parent=110809"}],"wp:term":[{"taxonomy":"category","embeddable":true,"href":"https:\/\/www.caririemacao.com\/1\/wp-json\/wp\/v2\/categories?post=110809"},{"taxonomy":"post_tag","embeddable":true,"href":"https:\/\/www.caririemacao.com\/1\/wp-json\/wp\/v2\/tags?post=110809"}],"curies":[{"name":"wp","href":"https:\/\/api.w.org\/{rel}","templated":true}]}}