{"id":110815,"date":"2019-08-17T12:58:17","date_gmt":"2019-08-17T15:58:17","guid":{"rendered":"http:\/\/www.caririemacao.com\/1\/?p=110815"},"modified":"2019-08-17T12:58:17","modified_gmt":"2019-08-17T15:58:17","slug":"fundadora-de-ong-fala-sobre-descoberta-de-cemiterio-clandestino-de-animais-na-pb","status":"publish","type":"post","link":"https:\/\/www.caririemacao.com\/1\/2019\/08\/17\/fundadora-de-ong-fala-sobre-descoberta-de-cemiterio-clandestino-de-animais-na-pb\/","title":{"rendered":"Fundadora de ONG fala sobre descoberta de cemit\u00e9rio clandestino de animais na PB"},"content":{"rendered":"\n<p>A fundadora da ONG Adota Campina, B\u00e1rbara Barros, afirmou, em entrevista \u00e0 R\u00e1dio Caturit\u00e9 FM, que recebeu a den\u00fancia an\u00f4nima sobre a exist\u00eancia de um cemit\u00e9rio clandestino de animais na cidade de Queimadas atrav\u00e9s das redes sociais, com fotos e v\u00eddeos, e prontamente entrou em contato com a Pol\u00edcia Civil. <\/p>\n\n\n\n<p>Ela destacou que esteve junto com a pol\u00edcia no local e presenciou uma cena de filme de terror, onde existiam animais mortos por toda a extens\u00e3o do terreno, em cisternas, em sacos pl\u00e1sticos e com metade dos corpos enterrados.<\/p>\n\n\n\n<p>B\u00e1rbara declarou que uma mobiliza\u00e7\u00e3o ser\u00e1 realizada no intuito de identificar os donos dos animais que foram encontrados mortos e disse que as pessoas podem entrar em contato atrav\u00e9s do Instagram ou Facebook do Adota Campina ou pelo telefone (83) 9 9907-7578.<\/p>\n\n\n\n<p>\u2013 As den\u00fancias chegaram de maneira an\u00f4nima atrav\u00e9s das redes sociais e n\u00f3s nos assustamos com a quantidade de corpos espalhados e a forma como os animais estavam. Fizemos contato para saber quem era o propriet\u00e1rio do local, e a pol\u00edcia esteve presente. Chegamos e tinha um cheiro horr\u00edvel, animais jogados por todo o terreno, verdadeiramente um filme de terror. Eu acredito que l\u00e1 \u00e9 bem pior que qualquer filme de terror. A nossa miss\u00e3o \u00e9 sa\u00fade p\u00fablica, seguran\u00e7a e tamb\u00e9m cuidar dos animais. Elucidar crimes cru\u00e9is \u00e9 necess\u00e1rio. Acreditamos na seguran\u00e7a p\u00fablica do Estado, sabemos que ser\u00e1 elucidado \u2013 disse.<\/p>\n\n\n\n<p>B\u00e1rbara ressaltou que confia na pol\u00edcia e na apura\u00e7\u00e3o dos fatos para que o culpado seja punido e a situa\u00e7\u00e3o seja esclarecida.<\/p>\n","protected":false},"excerpt":{"rendered":"<p>A fundadora da ONG Adota Campina, B\u00e1rbara Barros, afirmou, em entrevista \u00e0 R\u00e1dio Caturit\u00e9 FM, que recebeu a den\u00fancia an\u00f4nima sobre a exist\u00eancia de um&hellip; <\/p>\n","protected":false},"author":2,"featured_media":110816,"comment_status":"closed","ping_status":"closed","sticky":false,"template":"","format":"standard","meta":{"sfsi_plus_gutenberg_text_before_share":"","sfsi_plus_gutenberg_show_text_before_share":"","sfsi_plus_gutenberg_icon_type":"","sfsi_plus_gutenberg_icon_alignemt":"","sfsi_plus_gutenburg_max_per_row":"","footnotes":""},"categories":[12],"tags":[],"class_list":["post-110815","post","type-post","status-publish","format-standard","has-post-thumbnail","hentry","category-policia"],"_links":{"self":[{"href":"https:\/\/www.caririemacao.com\/1\/wp-json\/wp\/v2\/posts\/110815","targetHints":{"allow":["GET"]}}],"collection":[{"href":"https:\/\/www.caririemacao.com\/1\/wp-json\/wp\/v2\/posts"}],"about":[{"href":"https:\/\/www.caririemacao.com\/1\/wp-json\/wp\/v2\/types\/post"}],"author":[{"embeddable":true,"href":"https:\/\/www.caririemacao.com\/1\/wp-json\/wp\/v2\/users\/2"}],"replies":[{"embeddable":true,"href":"https:\/\/www.caririemacao.com\/1\/wp-json\/wp\/v2\/comments?post=110815"}],"version-history":[{"count":1,"href":"https:\/\/www.caririemacao.com\/1\/wp-json\/wp\/v2\/posts\/110815\/revisions"}],"predecessor-version":[{"id":110817,"href":"https:\/\/www.caririemacao.com\/1\/wp-json\/wp\/v2\/posts\/110815\/revisions\/110817"}],"wp:featuredmedia":[{"embeddable":true,"href":"https:\/\/www.caririemacao.com\/1\/wp-json\/wp\/v2\/media\/110816"}],"wp:attachment":[{"href":"https:\/\/www.caririemacao.com\/1\/wp-json\/wp\/v2\/media?parent=110815"}],"wp:term":[{"taxonomy":"category","embeddable":true,"href":"https:\/\/www.caririemacao.com\/1\/wp-json\/wp\/v2\/categories?post=110815"},{"taxonomy":"post_tag","embeddable":true,"href":"https:\/\/www.caririemacao.com\/1\/wp-json\/wp\/v2\/tags?post=110815"}],"curies":[{"name":"wp","href":"https:\/\/api.w.org\/{rel}","templated":true}]}}