{"id":110828,"date":"2019-08-17T14:21:33","date_gmt":"2019-08-17T17:21:33","guid":{"rendered":"http:\/\/www.caririemacao.com\/1\/?p=110828"},"modified":"2019-08-17T14:21:33","modified_gmt":"2019-08-17T17:21:33","slug":"bota-pb-e-nautico-fazem-tira-teima-de-2019-em-momento-decisivo-da-serie-c","status":"publish","type":"post","link":"https:\/\/www.caririemacao.com\/1\/2019\/08\/17\/bota-pb-e-nautico-fazem-tira-teima-de-2019-em-momento-decisivo-da-serie-c\/","title":{"rendered":"Bota-PB e N\u00e1utico fazem tira-teima de 2019 em momento decisivo da S\u00e9rie C"},"content":{"rendered":"\n<p><br>Neste s\u00e1bado (17), pela terceira vez em 2019, Botafogo-PB e N\u00e1utico v\u00e3o se enfrentar, a segunda no est\u00e1dio Almeid\u00e3o, em Jo\u00e3o Pessoa.<\/p>\n\n\n\n<p>O duelo v\u00e1lido pela 17\u00aa rodada do Grupo A da S\u00e9rie C do Campeonato Brasileiro \u00e9 quase t\u00e3o decisivo quanto a semifinal da Copa do Nordeste, vencida pelo Belo no primeiro semestre. Com ambas equipes brigando pela classifica\u00e7\u00e3o para o mata-mata do acesso, a bola rola \u00e0s 17h, em Jo\u00e3o Pessoa.<\/p>\n\n\n\n<p>No mata-mata do Nordest\u00e3o, o time pessoense venceu por 2 a 1, em um jogo dram\u00e1tico, com o gol da vit\u00f3ria sendo marcado de cabe\u00e7a pelo pequenino Juninho, aos 42 do segundo tempo, garantindo o Botafogo-PB na decis\u00e3o do torneio. Pela S\u00e9rie C, no jogo do turno, melhor para o Timbu, que levou a melhor, devolvendo o placar de 2 a 1, depois da partida ser adiada por duas vezes devido as chuvas em Recife.<\/p>\n\n\n\n<p>Enquanto o Belo tem 24 pontos e ocupa a quinta coloca\u00e7\u00e3o na tabela, o N\u00e1utico \u00e9 o vice-l\u00edder, com tr\u00eas pontos a mais, o que faz da peleja fundamental para o planejamento de ambos, uma vez que faltar\u00e1 apenas uma rodada para o fim da fase de grupos.<\/p>\n\n\n\n<figure class=\"wp-block-image\"><img decoding=\"async\" data-src=\"https:\/\/paraibaonline.com.br\/wp-content\/uploads\/2019\/08\/Belo_x_Timba.jpg\" alt=\"\" class=\"wp-image-758822 lazyload\" src=\"data:image\/svg+xml;base64,PHN2ZyB3aWR0aD0iMSIgaGVpZ2h0PSIxIiB4bWxucz0iaHR0cDovL3d3dy53My5vcmcvMjAwMC9zdmciPjwvc3ZnPg==\" \/><\/figure>\n\n\n\n<p>Foto: Ascom \/ Botafogo-PB<\/p>\n\n\n\n<p>Para a decis\u00e3o de logo mais, o treinador Evaristo Piza tem apenas um desfalque para escalar o Botafogo-PB. O volante Rog\u00e9rio, suspenso pelo terceiro cart\u00e3o amarelo, vai ficar de fora. Seu substituto natural \u00e9 Serginho, com Juninho e Marcos Vinicius correndo por fora, caso uma forma\u00e7\u00e3o mais ofensiva seja escolhida para o confronto.<\/p>\n\n\n\n<p>No ataque, Felipe Alves, autor de dois gols diante do Globo-RN, na \u00faltima rodada, e artilheiro botafoguense na S\u00e9rie C, deve seguir com a vaga, uma vez que Nando praticamente n\u00e3o treinou durante a semana por se encontrar ausente devido ao falecimento de sua m\u00e3e. Com Dico se recuperando de les\u00e3o, Kelvin segue entre os que come\u00e7am jogando.<\/p>\n\n\n\n<p>Assim como no Belo, o N\u00e1utico tem um volante como desfalque, e pelo mesmo motivo. Jim\u00e9nez cumpre suspens\u00e3o autom\u00e1tica pelo terceiro cart\u00e3o amarelo, e o t\u00e9cnico Gilmar Dal Pozzo j\u00e1 confirmou Jhonnatan como seu substituto. Na lateral esquerda, com Willian Sim\u00f5es lesionado, Erick Daltro permanece no time titular.<\/p>\n\n\n\n<p><strong>Arbitragem<\/strong><\/p>\n\n\n\n<p>Tiago Duarte Peixoto, de S\u00e3o Paulo, apita o jogo, auxiliado pelos seus conterr\u00e2neos Miguel Caetano Ribeiro da Costa e Luiz Alberto Andrini Nogueira. Do quadro da FPF, Tiago Ramos de Oliveira ser\u00e1 o quarto \u00e1rbitro.<\/p>\n\n\n\n<p><strong>Prov\u00e1veis escala\u00e7\u00f5es<\/strong><\/p>\n\n\n\n<p><strong>Botafogo-PB<\/strong>: Saulo, Neilson, Donato, Fred, F\u00e1bio Alves; Serginho, Juninho, Clayton, Marcos Aur\u00e9lio; Kelvin e Felipe Alves. T\u00e9cnico: Evaristo Piza.<\/p>\n\n\n\n<p><strong>N\u00e1utico<\/strong>: Jefferson, Hereda, Diego Silva, Camutanga, Erick Daltro; Josa, Jhonnatan, Jean Carlos; Thiago, Matheus Carvalho e Rafael Oliveira. T\u00e9cnico: Gilmar Dal Pozzo.<\/p>\n","protected":false},"excerpt":{"rendered":"<p>Neste s\u00e1bado (17), pela terceira vez em 2019, Botafogo-PB e N\u00e1utico v\u00e3o se enfrentar, a segunda no est\u00e1dio Almeid\u00e3o, em Jo\u00e3o Pessoa. O duelo v\u00e1lido&hellip; <\/p>\n","protected":false},"author":1,"featured_media":110829,"comment_status":"closed","ping_status":"closed","sticky":false,"template":"","format":"standard","meta":{"sfsi_plus_gutenberg_text_before_share":"","sfsi_plus_gutenberg_show_text_before_share":"","sfsi_plus_gutenberg_icon_type":"","sfsi_plus_gutenberg_icon_alignemt":"","sfsi_plus_gutenburg_max_per_row":"","footnotes":""},"categories":[13],"tags":[],"class_list":["post-110828","post","type-post","status-publish","format-standard","has-post-thumbnail","hentry","category-esportes"],"_links":{"self":[{"href":"https:\/\/www.caririemacao.com\/1\/wp-json\/wp\/v2\/posts\/110828","targetHints":{"allow":["GET"]}}],"collection":[{"href":"https:\/\/www.caririemacao.com\/1\/wp-json\/wp\/v2\/posts"}],"about":[{"href":"https:\/\/www.caririemacao.com\/1\/wp-json\/wp\/v2\/types\/post"}],"author":[{"embeddable":true,"href":"https:\/\/www.caririemacao.com\/1\/wp-json\/wp\/v2\/users\/1"}],"replies":[{"embeddable":true,"href":"https:\/\/www.caririemacao.com\/1\/wp-json\/wp\/v2\/comments?post=110828"}],"version-history":[{"count":1,"href":"https:\/\/www.caririemacao.com\/1\/wp-json\/wp\/v2\/posts\/110828\/revisions"}],"predecessor-version":[{"id":110830,"href":"https:\/\/www.caririemacao.com\/1\/wp-json\/wp\/v2\/posts\/110828\/revisions\/110830"}],"wp:featuredmedia":[{"embeddable":true,"href":"https:\/\/www.caririemacao.com\/1\/wp-json\/wp\/v2\/media\/110829"}],"wp:attachment":[{"href":"https:\/\/www.caririemacao.com\/1\/wp-json\/wp\/v2\/media?parent=110828"}],"wp:term":[{"taxonomy":"category","embeddable":true,"href":"https:\/\/www.caririemacao.com\/1\/wp-json\/wp\/v2\/categories?post=110828"},{"taxonomy":"post_tag","embeddable":true,"href":"https:\/\/www.caririemacao.com\/1\/wp-json\/wp\/v2\/tags?post=110828"}],"curies":[{"name":"wp","href":"https:\/\/api.w.org\/{rel}","templated":true}]}}