{"id":110834,"date":"2019-08-18T08:30:44","date_gmt":"2019-08-18T11:30:44","guid":{"rendered":"http:\/\/www.caririemacao.com\/1\/?p=110834"},"modified":"2019-08-18T08:30:44","modified_gmt":"2019-08-18T11:30:44","slug":"secretaria-de-educacao-representa-sao-sebastiao-do-umbuzeiro-no-17o-forum-nacional-da-educacao","status":"publish","type":"post","link":"https:\/\/www.caririemacao.com\/1\/2019\/08\/18\/secretaria-de-educacao-representa-sao-sebastiao-do-umbuzeiro-no-17o-forum-nacional-da-educacao\/","title":{"rendered":"Secretaria de Educa\u00e7\u00e3o representa S\u00e3o Sebasti\u00e3o do Umbuzeiro no 17\u00ba F\u00f3rum Nacional da Educa\u00e7\u00e3o"},"content":{"rendered":"\n<p>O munic\u00edpio de S\u00e3o Sebasti\u00e3o do Umbuzeiro, mais uma vez foi representada no 17\u00b0 F\u00f3rum Nacional dos Dirigentes Municipais de Educa\u00e7\u00e3o, que foi realizado na Costa do Sau\u00edpe em Salvador. O evento aconteceu de 13 a 16 de agosto do corrente ano. S\u00e3o Sebasti\u00e3o do Umbuzeiro foi representada pela Secret\u00e1ria de Educa\u00e7\u00e3o, Rosa Almeida.<br>O F\u00f3rum \u00e9 realizado a cada dois anos sendo que intercalando com um extraordin\u00e1rio, assim sendo realizado anualmente e serve para discutir, de forma ampla, a educa\u00e7\u00e3o p\u00fablica. O evento contou com a participa\u00e7\u00e3o de, pelo menos, 2.500 dirigentes, t\u00e9cnicos de secretarias e educadores municipais do Pa\u00eds.<br><\/p>\n\n\n\n<figure class=\"wp-block-image\"><a href=\"http:\/\/www.blogdodidi.com.br\/wp-content\/uploads\/2019\/08\/Rosa-Almeida-1-1024x768.jpg\"><img decoding=\"async\" data-src=\"https:\/\/lh3.googleusercontent.com\/proxy\/9KYAjxZKRRqB6vqJXsCyLWvG3F9lumHBaWuTpxdnsv1VT7PhOXhLmCRMih7ylyXqJjaa74JonMchDS-9KZ73Bn1XFckZkU2okmA4oxuW4YrMO_4qkGuJ4EYHducN9UBMtLN9yDn3wQ=s0-d\" alt=\"\" src=\"data:image\/svg+xml;base64,PHN2ZyB3aWR0aD0iMSIgaGVpZ2h0PSIxIiB4bWxucz0iaHR0cDovL3d3dy53My5vcmcvMjAwMC9zdmciPjwvc3ZnPg==\" class=\"lazyload\" \/><\/a><\/figure>\n\n\n\n<p>&nbsp;De acordo com Rosa Almeida, o 17 \u00b0 f\u00f3rum da UNDIME\/UNICEF teve como tema, Qualidade da Educa\u00e7\u00e3o: Financiamento, Gest\u00e3o e Aprendizagem, e ao lado do Presidente da UNDIME Para\u00edba Aguifaneide Gondim, e dos demais secret\u00e1rios regionais que vem alcan\u00e7ando \u00f3timos resultados na Educa\u00e7\u00e3o Publica.&nbsp;<br>No final do evento foi elaborada uma Carta dos Dirigentes Municipais de Educa\u00e7\u00e3o, destinada ao MEC. Nela, que consta sugest\u00f5es e pedidos feitos pelos munic\u00edpios ao governo federal informou Rosa Almeida.<br>COM BLOG DO DIDI<\/p>\n","protected":false},"excerpt":{"rendered":"<p>O munic\u00edpio de S\u00e3o Sebasti\u00e3o do Umbuzeiro, mais uma vez foi representada no 17\u00b0 F\u00f3rum Nacional dos Dirigentes Municipais de Educa\u00e7\u00e3o, que foi realizado na&hellip; <\/p>\n","protected":false},"author":1,"featured_media":110835,"comment_status":"closed","ping_status":"closed","sticky":false,"template":"","format":"standard","meta":{"sfsi_plus_gutenberg_text_before_share":"","sfsi_plus_gutenberg_show_text_before_share":"","sfsi_plus_gutenberg_icon_type":"","sfsi_plus_gutenberg_icon_alignemt":"","sfsi_plus_gutenburg_max_per_row":"","footnotes":""},"categories":[14],"tags":[],"class_list":["post-110834","post","type-post","status-publish","format-standard","has-post-thumbnail","hentry","category-educacao"],"_links":{"self":[{"href":"https:\/\/www.caririemacao.com\/1\/wp-json\/wp\/v2\/posts\/110834","targetHints":{"allow":["GET"]}}],"collection":[{"href":"https:\/\/www.caririemacao.com\/1\/wp-json\/wp\/v2\/posts"}],"about":[{"href":"https:\/\/www.caririemacao.com\/1\/wp-json\/wp\/v2\/types\/post"}],"author":[{"embeddable":true,"href":"https:\/\/www.caririemacao.com\/1\/wp-json\/wp\/v2\/users\/1"}],"replies":[{"embeddable":true,"href":"https:\/\/www.caririemacao.com\/1\/wp-json\/wp\/v2\/comments?post=110834"}],"version-history":[{"count":1,"href":"https:\/\/www.caririemacao.com\/1\/wp-json\/wp\/v2\/posts\/110834\/revisions"}],"predecessor-version":[{"id":110836,"href":"https:\/\/www.caririemacao.com\/1\/wp-json\/wp\/v2\/posts\/110834\/revisions\/110836"}],"wp:featuredmedia":[{"embeddable":true,"href":"https:\/\/www.caririemacao.com\/1\/wp-json\/wp\/v2\/media\/110835"}],"wp:attachment":[{"href":"https:\/\/www.caririemacao.com\/1\/wp-json\/wp\/v2\/media?parent=110834"}],"wp:term":[{"taxonomy":"category","embeddable":true,"href":"https:\/\/www.caririemacao.com\/1\/wp-json\/wp\/v2\/categories?post=110834"},{"taxonomy":"post_tag","embeddable":true,"href":"https:\/\/www.caririemacao.com\/1\/wp-json\/wp\/v2\/tags?post=110834"}],"curies":[{"name":"wp","href":"https:\/\/api.w.org\/{rel}","templated":true}]}}