{"id":110844,"date":"2019-08-18T08:37:32","date_gmt":"2019-08-18T11:37:32","guid":{"rendered":"http:\/\/www.caririemacao.com\/1\/?p=110844"},"modified":"2019-08-18T08:37:32","modified_gmt":"2019-08-18T11:37:32","slug":"secretaria-de-estado-da-saude-da-pb-emite-alerta-contra-o-sarampo","status":"publish","type":"post","link":"https:\/\/www.caririemacao.com\/1\/2019\/08\/18\/secretaria-de-estado-da-saude-da-pb-emite-alerta-contra-o-sarampo\/","title":{"rendered":"Secretaria de Estado da Sa\u00fade da PB emite alerta contra o sarampo"},"content":{"rendered":"\n<p>A Secretaria de Estado da Sa\u00fade emitiu, neste s\u00e1bado (17), um alerta aos servi\u00e7os de sa\u00fade para casos suspeitos de sarampo, embora a Para\u00edba apresente somente um caso em investiga\u00e7\u00e3o. O cuidado se deve ao fato de que no Brasil, at\u00e9 o dia 3 de agosto \u2013 Semana Epidemiol\u00f3gica 31, foram confirmados 1.388 casos de sarampo, sendo 1.322 (95,2%) nos estados do Rio de Janeiro, S\u00e3o Paulo, Bahia e Paran\u00e1, que est\u00e3o com surtos de sarampo, e 66 (4,8%) nas demais Unidades da Federa\u00e7\u00e3o, as quais n\u00e3o se encontram com surtos da doen\u00e7a.<\/p>\n\n\n\n<p>Diante dos casos em todo o territ\u00f3rio nacional, a gerente de Vigil\u00e2ncia em Sa\u00fade, Talita Tavares, alerta que deve ser notificado como caso suspeito \u201ctodo paciente que apresentar febre e exantema maculopapular morbiliforme (manchas avermelhadas), acompanhados de um ou mais dos seguintes sinais e sintomas: tosse e\/ou coriza e\/ou conjuntivite, independentemente da idade e situa\u00e7\u00e3o vacinal; ou todo indiv\u00edduo suspeito com hist\u00f3ria de viagem para locais com circula\u00e7\u00e3o do v\u00edrus do sarampo, nos \u00faltimos 30 dias, ou de contato, no mesmo per\u00edodo, com algu\u00e9m que viajou para local com circula\u00e7\u00e3o viral\u201d.<\/p>\n\n\n\n<p>O secret\u00e1rio de Estado da Sa\u00fade, Geraldo Medeiros, explica que \u201ca notifica\u00e7\u00e3o de caso suspeito de sarampo \u00e9 obrigat\u00f3ria e deve ser feita \u00e0s autoridades sanit\u00e1rias e de vigil\u00e2ncia em at\u00e9 24 horas. Apresentando essa sintomatologia, \u00e9 importante ir ao posto de sa\u00fade mais pr\u00f3ximo para receber a devida assist\u00eancia\u201d.<\/p>\n\n\n\n<p>Os Estados do Rio de Janeiro, S\u00e3o Paulo, Par\u00e1, Sergipe, Minas Gerais, Santa Catarina, Pernambuco, Amazonas e Roraima apresentam casos confirmados de sarampo.&nbsp;A Para\u00edba apresenta um caso em investiga\u00e7\u00e3o, de acordo com o boletim epidemiol\u00f3gico publicado pelo Minist\u00e9rio da Sa\u00fade nesta sexta-feira (16), aguardando confirma\u00e7\u00e3o laboratorial.<\/p>\n\n\n\n<p><strong>Imuniza\u00e7\u00e3o<\/strong>\u2013 A vacina \u00e9 a \u00fanica forma de preven\u00e7\u00e3o do sarampo. A tr\u00edplice viral protege contra sarampo, rub\u00e9ola e caxumba e est\u00e1 dispon\u00edvel nas salas de vacina dos munic\u00edpios.<\/p>\n\n\n\n<p>A Secretaria Estadual de Sa\u00fade ressalta a import\u00e2ncia de finalizar o esquema vacinal para evitar casos da doen\u00e7a. A Para\u00edba apresenta 83,94% cobertura da primeira dose da tr\u00edplice viral. A meta \u00e9 de 95%.&nbsp;&nbsp;O secret\u00e1rio Geraldo Medeiros orienta os gestores municipais de sa\u00fade que \u201cfortale\u00e7am as estrat\u00e9gias, divulguem e implementem as medidas necess\u00e1rias para, na ocorr\u00eancia de casos suspeitos, desencadearmos as medidas em tempo oportuno\u201d. O secret\u00e1rio convida a popula\u00e7\u00e3o para se \u201cunir \u00e0 Secretaria de Sa\u00fade com o objetivo de se vacinar e evitar mortes\u201d.<\/p>\n\n\n\n<p>A imuniza\u00e7\u00e3o com a tr\u00edplice deve seguir o seguinte esquema:<\/p>\n\n\n\n<p>\u2013 Indiv\u00edduos de 12 meses a 29 anos de idade: 2 doses de tr\u00edplice viral com intervalo m\u00ednimo de 30 dias entre elas;<\/p>\n\n\n\n<p>\u2013 Indiv\u00edduos de 30 a 49 anos de idade n\u00e3o vacinados: 1 dose de tr\u00edplice viral;<\/p>\n\n\n\n<p>\u2013 Profissionais de sa\u00fade n\u00e3o vacinados: 2 doses com a vacina tr\u00edplice viral independente da idade, com intervalo m\u00ednimo de 30 dias entre elas.<\/p>\n\n\n\n<p>No momento, ainda \u00e9 indicada a vacina\u00e7\u00e3o de crian\u00e7as de 6 meses a menores de 1 ano que v\u00e3o se deslocar para munic\u00edpios que apresentam surto ativo de sarampo. A imuniza\u00e7\u00e3o deve ser feita pelo menos 15 dias antes da viagem.<\/p>\n\n\n\n<p>A Secretaria Estadual de Sa\u00fade, por meio da Ger\u00eancia Executiva de Vigil\u00e2ncia em Sa\u00fade, segue o protocolo de investiga\u00e7\u00e3o de todos os casos que forem notificados para o agravo e disponibiliza uma equipe de plant\u00e3o para receber as informa\u00e7\u00f5es devidas e auxiliar os servi\u00e7os de sa\u00fade em qualquer necessidade mediante caso suspeito.<\/p>\n\n\n\n<p><em>Com Mais PB<\/em><\/p>\n","protected":false},"excerpt":{"rendered":"<p>A Secretaria de Estado da Sa\u00fade emitiu, neste s\u00e1bado (17), um alerta aos servi\u00e7os de sa\u00fade para casos suspeitos de sarampo, embora a Para\u00edba apresente&hellip; <\/p>\n","protected":false},"author":1,"featured_media":103918,"comment_status":"closed","ping_status":"closed","sticky":false,"template":"","format":"standard","meta":{"sfsi_plus_gutenberg_text_before_share":"","sfsi_plus_gutenberg_show_text_before_share":"","sfsi_plus_gutenberg_icon_type":"","sfsi_plus_gutenberg_icon_alignemt":"","sfsi_plus_gutenburg_max_per_row":"","footnotes":""},"categories":[50,16],"tags":[],"class_list":["post-110844","post","type-post","status-publish","format-standard","has-post-thumbnail","hentry","category-destaque","category-saude"],"_links":{"self":[{"href":"https:\/\/www.caririemacao.com\/1\/wp-json\/wp\/v2\/posts\/110844","targetHints":{"allow":["GET"]}}],"collection":[{"href":"https:\/\/www.caririemacao.com\/1\/wp-json\/wp\/v2\/posts"}],"about":[{"href":"https:\/\/www.caririemacao.com\/1\/wp-json\/wp\/v2\/types\/post"}],"author":[{"embeddable":true,"href":"https:\/\/www.caririemacao.com\/1\/wp-json\/wp\/v2\/users\/1"}],"replies":[{"embeddable":true,"href":"https:\/\/www.caririemacao.com\/1\/wp-json\/wp\/v2\/comments?post=110844"}],"version-history":[{"count":1,"href":"https:\/\/www.caririemacao.com\/1\/wp-json\/wp\/v2\/posts\/110844\/revisions"}],"predecessor-version":[{"id":110845,"href":"https:\/\/www.caririemacao.com\/1\/wp-json\/wp\/v2\/posts\/110844\/revisions\/110845"}],"wp:featuredmedia":[{"embeddable":true,"href":"https:\/\/www.caririemacao.com\/1\/wp-json\/wp\/v2\/media\/103918"}],"wp:attachment":[{"href":"https:\/\/www.caririemacao.com\/1\/wp-json\/wp\/v2\/media?parent=110844"}],"wp:term":[{"taxonomy":"category","embeddable":true,"href":"https:\/\/www.caririemacao.com\/1\/wp-json\/wp\/v2\/categories?post=110844"},{"taxonomy":"post_tag","embeddable":true,"href":"https:\/\/www.caririemacao.com\/1\/wp-json\/wp\/v2\/tags?post=110844"}],"curies":[{"name":"wp","href":"https:\/\/api.w.org\/{rel}","templated":true}]}}