{"id":110867,"date":"2019-08-18T08:45:10","date_gmt":"2019-08-18T11:45:10","guid":{"rendered":"http:\/\/www.caririemacao.com\/1\/?p=110867"},"modified":"2019-08-18T08:45:10","modified_gmt":"2019-08-18T11:45:10","slug":"microsoft-muda-politicas-de-privacidade-para-monitorar-audios","status":"publish","type":"post","link":"https:\/\/www.caririemacao.com\/1\/2019\/08\/18\/microsoft-muda-politicas-de-privacidade-para-monitorar-audios\/","title":{"rendered":"Microsoft muda pol\u00edticas de privacidade para monitorar \u00e1udios"},"content":{"rendered":"\n<p><br>A Microsoft mudou suas pol\u00edticas de privacidade para admitir o monitoramento de \u00e1udios por funcion\u00e1rios em servi\u00e7os da empresa. A medida foi tomada ap\u00f3s den\u00fancias publicadas na imprensa de que a companhia estava destacando empregados para ouvir mensagens de voz enviadas por meio de aplica\u00e7\u00f5es de voz sobre IP, como Skype, ou assistentes virtuais, como a Cortana do Windows.<\/p>\n\n\n\n<p>A nova reda\u00e7\u00e3o das pol\u00edticas de privacidade da Microsoft agora admite que ela usa pessoas no processamento de dados para \u201crevisar algumas das predi\u00e7\u00f5es e infer\u00eancias produzida pelos m\u00e9todos automatizados utilizados nos dados de onde essas an\u00e1lises foram feitas\u201d. Entre essas revis\u00f5es, pequenas \u201camostras de dados e voz\u201d.<\/p>\n\n\n\n<figure class=\"wp-block-image\"><img decoding=\"async\" data-src=\"https:\/\/paraibaonline.com.br\/wp-content\/uploads\/2019\/08\/SKYPE-MONITORAMENTO-%C3%81UDIO-567x378.jpg\" alt=\"Foto: Reprodu\u00e7\u00e3o\/ Internet\" class=\"wp-image-758933 lazyload\" src=\"data:image\/svg+xml;base64,PHN2ZyB3aWR0aD0iMSIgaGVpZ2h0PSIxIiB4bWxucz0iaHR0cDovL3d3dy53My5vcmcvMjAwMC9zdmciPjwvc3ZnPg==\" style=\"--smush-placeholder-width: 567px; --smush-placeholder-aspect-ratio: 567\/378;\" \/><\/figure>\n\n\n\n<p>Foto: Reprodu\u00e7\u00e3o\/ Internet<\/p>\n\n\n\n<p>Em termos menos t\u00e9cnicos, os processamentos de dados coletados pela empresa para gerar an\u00e1lises e sugest\u00f5es n\u00e3o ocorrem somente em sistemas automatizados, como algoritmos, mas tamb\u00e9m com pessoas ouvindo e conferindo o que os usu\u00e1rios falam ao fazer uma liga\u00e7\u00e3o de Skype ou uma consulta \u00e0 assistente virtual Cortana.<\/p>\n\n\n\n<p>Tal mudan\u00e7a ocorreu, contudo, sem grande divulga\u00e7\u00e3o juntamente aos usu\u00e1rios, que muitas vezes n\u00e3o sabem que ao usar esses servi\u00e7os estar\u00e3o sujeitos a esse tipo de vigil\u00e2ncia pela empresa. O que \u00e9 feito com esse monitoramento tamb\u00e9m fica pouco claro, com finalidades como \u201cmostrar an\u00fancios do seu interesse\u201d e \u201cproteger e melhorar continuamente sua experi\u00eancia\u201d.<\/p>\n\n\n\n<p><strong>Pr\u00e1tica comum<\/strong><\/p>\n\n\n\n<p>A pr\u00e1tica de n\u00e3o apenas coletar, mas colocar pessoas para ouvir e monitorar mensagens de \u00e1udio de usu\u00e1rios vem sendo apontada como algo adotado por diversas empresas. Nesta semana, a Secretaria do Consumidor do Minist\u00e9rio da Justi\u00e7a abriu uma investiga\u00e7\u00e3o contra o Facebook depois que den\u00fancias revelaram esse tipo de vigil\u00e2ncia pela rede social, o que foi admitido pelos dirigentes da companhia.<\/p>\n\n\n\n<p>O Google tamb\u00e9m reconheceu recentemente que ouvia as conversas de usu\u00e1rios depois de den\u00fancias de ve\u00edculos de comunica\u00e7\u00e3o. Ap\u00f3s isso, a empresa informou que cessaria esse tipo de conduta.<\/p>\n","protected":false},"excerpt":{"rendered":"<p>A Microsoft mudou suas pol\u00edticas de privacidade para admitir o monitoramento de \u00e1udios por funcion\u00e1rios em servi\u00e7os da empresa. A medida foi tomada ap\u00f3s den\u00fancias&hellip; <\/p>\n","protected":false},"author":1,"featured_media":110868,"comment_status":"closed","ping_status":"closed","sticky":false,"template":"","format":"standard","meta":{"sfsi_plus_gutenberg_text_before_share":"","sfsi_plus_gutenberg_show_text_before_share":"","sfsi_plus_gutenberg_icon_type":"","sfsi_plus_gutenberg_icon_alignemt":"","sfsi_plus_gutenburg_max_per_row":"","footnotes":""},"categories":[2],"tags":[],"class_list":["post-110867","post","type-post","status-publish","format-standard","has-post-thumbnail","hentry","category-geral"],"_links":{"self":[{"href":"https:\/\/www.caririemacao.com\/1\/wp-json\/wp\/v2\/posts\/110867","targetHints":{"allow":["GET"]}}],"collection":[{"href":"https:\/\/www.caririemacao.com\/1\/wp-json\/wp\/v2\/posts"}],"about":[{"href":"https:\/\/www.caririemacao.com\/1\/wp-json\/wp\/v2\/types\/post"}],"author":[{"embeddable":true,"href":"https:\/\/www.caririemacao.com\/1\/wp-json\/wp\/v2\/users\/1"}],"replies":[{"embeddable":true,"href":"https:\/\/www.caririemacao.com\/1\/wp-json\/wp\/v2\/comments?post=110867"}],"version-history":[{"count":1,"href":"https:\/\/www.caririemacao.com\/1\/wp-json\/wp\/v2\/posts\/110867\/revisions"}],"predecessor-version":[{"id":110869,"href":"https:\/\/www.caririemacao.com\/1\/wp-json\/wp\/v2\/posts\/110867\/revisions\/110869"}],"wp:featuredmedia":[{"embeddable":true,"href":"https:\/\/www.caririemacao.com\/1\/wp-json\/wp\/v2\/media\/110868"}],"wp:attachment":[{"href":"https:\/\/www.caririemacao.com\/1\/wp-json\/wp\/v2\/media?parent=110867"}],"wp:term":[{"taxonomy":"category","embeddable":true,"href":"https:\/\/www.caririemacao.com\/1\/wp-json\/wp\/v2\/categories?post=110867"},{"taxonomy":"post_tag","embeddable":true,"href":"https:\/\/www.caririemacao.com\/1\/wp-json\/wp\/v2\/tags?post=110867"}],"curies":[{"name":"wp","href":"https:\/\/api.w.org\/{rel}","templated":true}]}}