{"id":110896,"date":"2019-08-18T11:39:23","date_gmt":"2019-08-18T14:39:23","guid":{"rendered":"http:\/\/www.caririemacao.com\/1\/?p=110896"},"modified":"2019-08-18T11:39:23","modified_gmt":"2019-08-18T14:39:23","slug":"governo-federal-concentra-em-brasilia-acoes-que-beneficiam-o-cariri-paraibano","status":"publish","type":"post","link":"https:\/\/www.caririemacao.com\/1\/2019\/08\/18\/governo-federal-concentra-em-brasilia-acoes-que-beneficiam-o-cariri-paraibano\/","title":{"rendered":"Governo Federal concentra em Bras\u00edlia a\u00e7\u00f5es que beneficiam o Cariri paraibano"},"content":{"rendered":"\n<p>As a\u00e7\u00f5es do Projeto Dom Helder C\u00e2mara, programa do Minist\u00e9rio da Agricultura de combate \u00e0 desigualdade no Semi\u00e1rido que atende cidades da Para\u00edba e mais 10 estados passar\u00e3o e ser centralizadas em Bras\u00edlia.<\/p>\n\n\n\n<p>De acordo com portaria publicada na \u00faltima quinta-feira (15), no Di\u00e1rio Oficial da Uni\u00e3o, os trabalhos que eram coordenados pela extinta Secretaria Especial de Agricultura Familiar e do Desenvolvimento Agr\u00e1rio e com a sede descentralizada em Recife, o projeto agora ser\u00e1 coordenado pelo Minist\u00e9rio da Agricultura, em Bras\u00edlia conforme a portaria que criou o comit\u00ea gestor do \u00f3rg\u00e3o.<\/p>\n\n\n\n<p>\u201cFica criada a Unidade Gestora do Projeto Dom H\u00e9lder C\u00e2mara \u2013 UGP, cuja sede ser\u00e1 o Departamento de Estrutura\u00e7\u00e3o Produtiva da Secretaria de Agricultura Familiar e Cooperativismo, do Minist\u00e9rio da Agricultura, Pecu\u00e1ria e Abastecimento, em Bras\u00edlia\u201d, diz trecho da portaria.<\/p>\n\n\n\n<p>Atualmente, o Projeto Dom Helder C\u00e2mara atende a 57.486 fam\u00edlias rurais de Alagoas, Bahia, Cear\u00e1, Maranh\u00e3o, Para\u00edba, Pernambuco, Piau\u00ed, Rio Grande do Norte e Sergipe, Minas Gerais e Esp\u00edrito Santo.<\/p>\n\n\n\n<p>Na Para\u00edba, o Projeto Dom Helder C\u00e2mara tem presen\u00e7a efetiva em 53 munic\u00edpios inseridos no Semi\u00e1rido, distribu\u00eddos nas regi\u00f5es do Sert\u00e3o, Cariri, Curimata\u00fa e Agreste.<\/p>\n","protected":false},"excerpt":{"rendered":"<p>As a\u00e7\u00f5es do Projeto Dom Helder C\u00e2mara, programa do Minist\u00e9rio da Agricultura de combate \u00e0 desigualdade no Semi\u00e1rido que atende cidades da Para\u00edba e mais&hellip; <\/p>\n","protected":false},"author":1,"featured_media":110897,"comment_status":"closed","ping_status":"closed","sticky":false,"template":"","format":"standard","meta":{"sfsi_plus_gutenberg_text_before_share":"","sfsi_plus_gutenberg_show_text_before_share":"","sfsi_plus_gutenberg_icon_type":"","sfsi_plus_gutenberg_icon_alignemt":"","sfsi_plus_gutenburg_max_per_row":"","footnotes":""},"categories":[11],"tags":[],"class_list":["post-110896","post","type-post","status-publish","format-standard","has-post-thumbnail","hentry","category-politica"],"_links":{"self":[{"href":"https:\/\/www.caririemacao.com\/1\/wp-json\/wp\/v2\/posts\/110896","targetHints":{"allow":["GET"]}}],"collection":[{"href":"https:\/\/www.caririemacao.com\/1\/wp-json\/wp\/v2\/posts"}],"about":[{"href":"https:\/\/www.caririemacao.com\/1\/wp-json\/wp\/v2\/types\/post"}],"author":[{"embeddable":true,"href":"https:\/\/www.caririemacao.com\/1\/wp-json\/wp\/v2\/users\/1"}],"replies":[{"embeddable":true,"href":"https:\/\/www.caririemacao.com\/1\/wp-json\/wp\/v2\/comments?post=110896"}],"version-history":[{"count":1,"href":"https:\/\/www.caririemacao.com\/1\/wp-json\/wp\/v2\/posts\/110896\/revisions"}],"predecessor-version":[{"id":110898,"href":"https:\/\/www.caririemacao.com\/1\/wp-json\/wp\/v2\/posts\/110896\/revisions\/110898"}],"wp:featuredmedia":[{"embeddable":true,"href":"https:\/\/www.caririemacao.com\/1\/wp-json\/wp\/v2\/media\/110897"}],"wp:attachment":[{"href":"https:\/\/www.caririemacao.com\/1\/wp-json\/wp\/v2\/media?parent=110896"}],"wp:term":[{"taxonomy":"category","embeddable":true,"href":"https:\/\/www.caririemacao.com\/1\/wp-json\/wp\/v2\/categories?post=110896"},{"taxonomy":"post_tag","embeddable":true,"href":"https:\/\/www.caririemacao.com\/1\/wp-json\/wp\/v2\/tags?post=110896"}],"curies":[{"name":"wp","href":"https:\/\/api.w.org\/{rel}","templated":true}]}}