{"id":110901,"date":"2019-08-18T11:57:51","date_gmt":"2019-08-18T14:57:51","guid":{"rendered":"http:\/\/www.caririemacao.com\/1\/?p=110901"},"modified":"2019-08-18T11:57:51","modified_gmt":"2019-08-18T14:57:51","slug":"bolsonaro-assina-decreto-sobre-bem-estar-de-animais","status":"publish","type":"post","link":"https:\/\/www.caririemacao.com\/1\/2019\/08\/18\/bolsonaro-assina-decreto-sobre-bem-estar-de-animais\/","title":{"rendered":"Bolsonaro assina decreto sobre bem-estar de animais"},"content":{"rendered":"\n<p>O presidente da rep\u00fablica, Jair Bolsonaro, assinou decreto na noite deste s\u00e1bado (17) sobre o bem-estar dos animais usados em rodeios. De acordo com a decis\u00e3o, compete ao Minist\u00e9rio da Agricultura, Pecu\u00e1ria e Abastecimento (Mapa) analisar os protocolos de bem-estar animal elaborados por entidades promotoras de rodeios.<\/p>\n\n\n\n<p>O decreto, assinado ap\u00f3s o presidente participar da&nbsp;64\u00aa Festa do Pe\u00e3o de Boiadeiro de Barretos, realizado em S\u00e3o Paulo, ser\u00e1 acrescentado a Lei n\u00ba 10.519, de julho de 2002, que estabelece normas de promo\u00e7\u00e3o e fiscaliza\u00e7\u00e3o da defesa sanit\u00e1ria animal em rodeios.<\/p>\n\n\n\n<p>Em discurso, o presidente defendeu as vaquejadas e disse que \u201cn\u00e3o existe politicamente correto\u201d.<\/p>\n\n\n\n<p>\u201cRespeito todas as institui\u00e7\u00f5es, mas lealdade eu devo a voc\u00eas. O Brasil est\u00e1 acima de tudo. Neste momento em que muitos criticam a festa de pe\u00f5es e a vaquejada, quero dizer com muito orgulho que estou com voc\u00eas. N\u00e3o existe politicamente correto. Existe o que precisa ser feito\u201d, afirmou.<\/p>\n\n\n\n<p><strong>MaisPB<\/strong><\/p>\n","protected":false},"excerpt":{"rendered":"<p>O presidente da rep\u00fablica, Jair Bolsonaro, assinou decreto na noite deste s\u00e1bado (17) sobre o bem-estar dos animais usados em rodeios. De acordo com a&hellip; <\/p>\n","protected":false},"author":1,"featured_media":110902,"comment_status":"closed","ping_status":"closed","sticky":false,"template":"","format":"standard","meta":{"sfsi_plus_gutenberg_text_before_share":"","sfsi_plus_gutenberg_show_text_before_share":"","sfsi_plus_gutenberg_icon_type":"","sfsi_plus_gutenberg_icon_alignemt":"","sfsi_plus_gutenburg_max_per_row":"","footnotes":""},"categories":[11],"tags":[],"class_list":["post-110901","post","type-post","status-publish","format-standard","has-post-thumbnail","hentry","category-politica"],"_links":{"self":[{"href":"https:\/\/www.caririemacao.com\/1\/wp-json\/wp\/v2\/posts\/110901","targetHints":{"allow":["GET"]}}],"collection":[{"href":"https:\/\/www.caririemacao.com\/1\/wp-json\/wp\/v2\/posts"}],"about":[{"href":"https:\/\/www.caririemacao.com\/1\/wp-json\/wp\/v2\/types\/post"}],"author":[{"embeddable":true,"href":"https:\/\/www.caririemacao.com\/1\/wp-json\/wp\/v2\/users\/1"}],"replies":[{"embeddable":true,"href":"https:\/\/www.caririemacao.com\/1\/wp-json\/wp\/v2\/comments?post=110901"}],"version-history":[{"count":1,"href":"https:\/\/www.caririemacao.com\/1\/wp-json\/wp\/v2\/posts\/110901\/revisions"}],"predecessor-version":[{"id":110903,"href":"https:\/\/www.caririemacao.com\/1\/wp-json\/wp\/v2\/posts\/110901\/revisions\/110903"}],"wp:featuredmedia":[{"embeddable":true,"href":"https:\/\/www.caririemacao.com\/1\/wp-json\/wp\/v2\/media\/110902"}],"wp:attachment":[{"href":"https:\/\/www.caririemacao.com\/1\/wp-json\/wp\/v2\/media?parent=110901"}],"wp:term":[{"taxonomy":"category","embeddable":true,"href":"https:\/\/www.caririemacao.com\/1\/wp-json\/wp\/v2\/categories?post=110901"},{"taxonomy":"post_tag","embeddable":true,"href":"https:\/\/www.caririemacao.com\/1\/wp-json\/wp\/v2\/tags?post=110901"}],"curies":[{"name":"wp","href":"https:\/\/api.w.org\/{rel}","templated":true}]}}