{"id":110920,"date":"2019-08-18T13:59:45","date_gmt":"2019-08-18T16:59:45","guid":{"rendered":"http:\/\/www.caririemacao.com\/1\/?p=110920"},"modified":"2019-08-18T13:59:45","modified_gmt":"2019-08-18T16:59:45","slug":"bolsonaro-avalia-indicacoes-para-procuradoria-geral-da-republica","status":"publish","type":"post","link":"https:\/\/www.caririemacao.com\/1\/2019\/08\/18\/bolsonaro-avalia-indicacoes-para-procuradoria-geral-da-republica\/","title":{"rendered":"Bolsonaro avalia indica\u00e7\u00f5es para Procuradoria Geral da Rep\u00fablica"},"content":{"rendered":"\n<p><br>O primeiro mandato de dois anos da procuradora-geral da Rep\u00fablica, Raquel Dodge, termina no dia 17 de setembro.<\/p>\n\n\n\n<p>A renova\u00e7\u00e3o do mandato de Dodge pelo mesmo per\u00edodo ou a escolha de um novo procurador depende de uma indica\u00e7\u00e3o do presidente Jair Bolsonaro.<\/p>\n\n\n\n<p>Antes de tomar posse, o escolhido precisa ser sabatinado pelo Senado e ter nome aprovado pelo plen\u00e1rio da Casa. N\u00e3o h\u00e1 prazo legal para indica\u00e7\u00e3o.<\/p>\n\n\n\n<p>Al\u00e9m da tradicional lista tr\u00edplice elaborada pela Associa\u00e7\u00e3o Nacional dos Procuradores da Rep\u00fablica (ANPR), mais dois subprocuradores correm por fora e tamb\u00e9m podem ser indicados. Bolsonaro n\u00e3o \u00e9 obrigado por lei a seguir uma indica\u00e7\u00e3o da lista tr\u00edplice.<\/p>\n\n\n\n<p>O subprocurador M\u00e1rio Bonsaglia foi o mais votado na lista elaborada pela associa\u00e7\u00e3o. Bonsaglia \u00e9 membro do MPF desde 1981.<\/p>\n\n\n\n<p>Doutor em direito pela Universidade de S\u00e3o Paulo (USP), ele passou por \u00f3rg\u00e3os de dire\u00e7\u00e3o do MPF, como Conselho do MP e o Conselho Superior.<\/p>\n\n\n\n<p>Luiza Frischeisen ficou em segundo lugar. \u00c9 procuradora de Rep\u00fablica desde 1992 e doutora em direito pela USP. Entre 2013 e 2015, integrou o Conselho Nacional de Justi\u00e7a (CNJ), na cadeira destinada ao MPF.<\/p>\n\n\n\n<figure class=\"wp-block-image\"><img decoding=\"async\" data-src=\"https:\/\/paraibaonline.com.br\/wp-content\/uploads\/2019\/08\/BOLSONARO.jpg\" alt=\"Foto: Ag\u00eancia Brasil\" class=\"wp-image-759028 lazyload\" src=\"data:image\/svg+xml;base64,PHN2ZyB3aWR0aD0iMSIgaGVpZ2h0PSIxIiB4bWxucz0iaHR0cDovL3d3dy53My5vcmcvMjAwMC9zdmciPjwvc3ZnPg==\" \/><\/figure>\n\n\n\n<p>Foto: Ag\u00eancia Brasil<\/p>\n\n\n\n<p>Em terceiro lugar ficou Blal Dalloul. \u00c9 o \u00fanico dos concorrentes que n\u00e3o \u00e9 subprocurador da Rep\u00fablica, atuando como procurador no Rio de Janeiro.<\/p>\n\n\n\n<p>Fora da lista, tamb\u00e9m podem ser indicados os subprocuradores Augusto Aras e Paulo Gonet Branco. Aras nasceu em Salvador e \u00e9 integrante do MPF desde 1987.<\/p>\n\n\n\n<p>\u00c9 Doutor em direito constitucional pela PUC-SP. Ele tamb\u00e9m \u00e9 professor de direito eleitoral e privado na Universidade de Bras\u00edlia (UnB).<\/p>\n\n\n\n<p>Paulo Gonet \u00e8 membro do MPF desde 1987. Atua no Supremo Tribunal Federal como representante do Minist\u00e9rio P\u00fablico nas turmas da Corte.<\/p>\n\n\n\n<p>Doutor em direito e professor de direito constitucional. Gonet foi s\u00f3cio do ministro do STF Gilmar Mendes no Instituto Brasiliense de Direito P\u00fablico (IDP), faculdade de Direito em Bras\u00edlia. A sociedade foi desfeita em 2017.<\/p>\n\n\n\n<p>A procuradora-geral Raquel Dodge foi indicada para o cargo pelo ent\u00e3o presidente Michel Temer, em 2017. Na ocasi\u00e3o, ela ficou em segundo lugar pela indica\u00e7\u00e3o dos pares.<\/p>\n\n\n\n<p>Nesta semana, o presidente Jair Bolsonaro disse que o novo procurador-geral da Rep\u00fablica dever\u00e1 ser alinhado com os interesses de seu governo.<\/p>\n","protected":false},"excerpt":{"rendered":"<p>O primeiro mandato de dois anos da procuradora-geral da Rep\u00fablica, Raquel Dodge, termina no dia 17 de setembro. A renova\u00e7\u00e3o do mandato de Dodge pelo&hellip; <\/p>\n","protected":false},"author":1,"featured_media":110921,"comment_status":"closed","ping_status":"closed","sticky":false,"template":"","format":"standard","meta":{"sfsi_plus_gutenberg_text_before_share":"","sfsi_plus_gutenberg_show_text_before_share":"","sfsi_plus_gutenberg_icon_type":"","sfsi_plus_gutenberg_icon_alignemt":"","sfsi_plus_gutenburg_max_per_row":"","footnotes":""},"categories":[11],"tags":[],"class_list":["post-110920","post","type-post","status-publish","format-standard","has-post-thumbnail","hentry","category-politica"],"_links":{"self":[{"href":"https:\/\/www.caririemacao.com\/1\/wp-json\/wp\/v2\/posts\/110920","targetHints":{"allow":["GET"]}}],"collection":[{"href":"https:\/\/www.caririemacao.com\/1\/wp-json\/wp\/v2\/posts"}],"about":[{"href":"https:\/\/www.caririemacao.com\/1\/wp-json\/wp\/v2\/types\/post"}],"author":[{"embeddable":true,"href":"https:\/\/www.caririemacao.com\/1\/wp-json\/wp\/v2\/users\/1"}],"replies":[{"embeddable":true,"href":"https:\/\/www.caririemacao.com\/1\/wp-json\/wp\/v2\/comments?post=110920"}],"version-history":[{"count":1,"href":"https:\/\/www.caririemacao.com\/1\/wp-json\/wp\/v2\/posts\/110920\/revisions"}],"predecessor-version":[{"id":110922,"href":"https:\/\/www.caririemacao.com\/1\/wp-json\/wp\/v2\/posts\/110920\/revisions\/110922"}],"wp:featuredmedia":[{"embeddable":true,"href":"https:\/\/www.caririemacao.com\/1\/wp-json\/wp\/v2\/media\/110921"}],"wp:attachment":[{"href":"https:\/\/www.caririemacao.com\/1\/wp-json\/wp\/v2\/media?parent=110920"}],"wp:term":[{"taxonomy":"category","embeddable":true,"href":"https:\/\/www.caririemacao.com\/1\/wp-json\/wp\/v2\/categories?post=110920"},{"taxonomy":"post_tag","embeddable":true,"href":"https:\/\/www.caririemacao.com\/1\/wp-json\/wp\/v2\/tags?post=110920"}],"curies":[{"name":"wp","href":"https:\/\/api.w.org\/{rel}","templated":true}]}}