{"id":110927,"date":"2019-08-18T14:43:17","date_gmt":"2019-08-18T17:43:17","guid":{"rendered":"http:\/\/www.caririemacao.com\/1\/?p=110927"},"modified":"2019-08-18T14:43:17","modified_gmt":"2019-08-18T17:43:17","slug":"prefeito-eden-duarte-participa-da-12a-plenaria-do-orcamento-democratico","status":"publish","type":"post","link":"https:\/\/www.caririemacao.com\/1\/2019\/08\/18\/prefeito-eden-duarte-participa-da-12a-plenaria-do-orcamento-democratico\/","title":{"rendered":"Prefeito \u00c9den Duarte participa da 12\u00aa plen\u00e1ria do Or\u00e7amento Democr\u00e1tico"},"content":{"rendered":"\n<p>A gest\u00e3o do prefeito \u00c9den Duarte continua dialogando com a popula\u00e7\u00e3o sumeense, neste s\u00e1bado o s\u00edtio Santo Agostinho sediou a 12\u00aa plen\u00e1ria do Or\u00e7amento Democr\u00e1tico Municipal. <\/p>\n\n\n\n<p>As prioridades eleitas foram:<\/p>\n\n\n\n<p>1- Sa\u00fade com 29%<br>\n2- Abastecimento de \u00e1gua com 28% <br>\n3- Estradas e rodagens<\/p>\n\n\n\n<p>Durante a plen\u00e1ria, Jane Isa Soares, foi eleita conselheira do ODM para representar a comunidade. A \u00faltima plen\u00e1ria do Or\u00e7amento Democr\u00e1tico acontece no pr\u00f3ximo s\u00e1bado (24), no s\u00edtio Pitombeira. <\/p>\n\n\n\n<p>Ascom-PMS<\/p>\n","protected":false},"excerpt":{"rendered":"<p>A gest\u00e3o do prefeito \u00c9den Duarte continua dialogando com a popula\u00e7\u00e3o sumeense, neste s\u00e1bado o s\u00edtio Santo Agostinho sediou a 12\u00aa plen\u00e1ria do Or\u00e7amento Democr\u00e1tico&hellip; <\/p>\n","protected":false},"author":1,"featured_media":110928,"comment_status":"closed","ping_status":"closed","sticky":false,"template":"","format":"standard","meta":{"sfsi_plus_gutenberg_text_before_share":"","sfsi_plus_gutenberg_show_text_before_share":"","sfsi_plus_gutenberg_icon_type":"","sfsi_plus_gutenberg_icon_alignemt":"","sfsi_plus_gutenburg_max_per_row":"","footnotes":""},"categories":[50,2],"tags":[],"class_list":["post-110927","post","type-post","status-publish","format-standard","has-post-thumbnail","hentry","category-destaque","category-geral"],"_links":{"self":[{"href":"https:\/\/www.caririemacao.com\/1\/wp-json\/wp\/v2\/posts\/110927","targetHints":{"allow":["GET"]}}],"collection":[{"href":"https:\/\/www.caririemacao.com\/1\/wp-json\/wp\/v2\/posts"}],"about":[{"href":"https:\/\/www.caririemacao.com\/1\/wp-json\/wp\/v2\/types\/post"}],"author":[{"embeddable":true,"href":"https:\/\/www.caririemacao.com\/1\/wp-json\/wp\/v2\/users\/1"}],"replies":[{"embeddable":true,"href":"https:\/\/www.caririemacao.com\/1\/wp-json\/wp\/v2\/comments?post=110927"}],"version-history":[{"count":1,"href":"https:\/\/www.caririemacao.com\/1\/wp-json\/wp\/v2\/posts\/110927\/revisions"}],"predecessor-version":[{"id":110929,"href":"https:\/\/www.caririemacao.com\/1\/wp-json\/wp\/v2\/posts\/110927\/revisions\/110929"}],"wp:featuredmedia":[{"embeddable":true,"href":"https:\/\/www.caririemacao.com\/1\/wp-json\/wp\/v2\/media\/110928"}],"wp:attachment":[{"href":"https:\/\/www.caririemacao.com\/1\/wp-json\/wp\/v2\/media?parent=110927"}],"wp:term":[{"taxonomy":"category","embeddable":true,"href":"https:\/\/www.caririemacao.com\/1\/wp-json\/wp\/v2\/categories?post=110927"},{"taxonomy":"post_tag","embeddable":true,"href":"https:\/\/www.caririemacao.com\/1\/wp-json\/wp\/v2\/tags?post=110927"}],"curies":[{"name":"wp","href":"https:\/\/api.w.org\/{rel}","templated":true}]}}