{"id":110938,"date":"2019-08-18T15:30:34","date_gmt":"2019-08-18T18:30:34","guid":{"rendered":"http:\/\/www.caririemacao.com\/1\/?p=110938"},"modified":"2019-08-18T15:30:34","modified_gmt":"2019-08-18T18:30:34","slug":"video-mulher-surta-e-tira-roupa-em-upa-de-joao-pessoa","status":"publish","type":"post","link":"https:\/\/www.caririemacao.com\/1\/2019\/08\/18\/video-mulher-surta-e-tira-roupa-em-upa-de-joao-pessoa\/","title":{"rendered":"V\u00cdDEO: Mulher surta e tira roupa em UPA de Jo\u00e3o Pessoa"},"content":{"rendered":"\n<p>Um caso inusitado aconteceu ontem (13) na Unidade de Pronto Atendimento (UPA) dos Banc\u00e1rios, em Jo\u00e3o Pessoa, e repercutiu nesta quarta-feira (14) ap\u00f3s a TV Arapuan veicular imagens do momento em que uma mulher tira a roupa ap\u00f3s ter um surto nervoso enquanto aguardava atendimento na unidade. Segundo testemunhas, a mulher j\u00e1 chegou alterada ao local exigindo atendimento, no entanto, como&nbsp;n\u00e3o apresentava um quadro de risco foi orientada a aguardar.<\/p>\n\n\n\n<p>Em nota, a Secretaria de Sa\u00fade da Capital informou que a paciente estava agitada e agressiva com os profissionais do servi\u00e7o e outros pacientes para fazer uso do medicamento benzilpenicilina benzatina para tratamento de Erisipela.<\/p>\n\n\n\n<p>Ainda segundo a nota, na primeira avalia\u00e7\u00e3o, a usu\u00e1ria estava consciente, orientada, com press\u00e3o arterial normal e sinais vitais preservados, sem queixas no momento da avalia\u00e7\u00e3o e, portanto, sem indica\u00e7\u00e3o para atendimento de urg\u00eancia ou imediato.<\/p>\n\n\n\n<figure><iframe width=\"840\" height=\"473\" data-src=\"https:\/\/www.youtube.com\/embed\/-1M6pbeXpT0?feature=oembed\" allowfullscreen=\"\" src=\"data:image\/svg+xml;base64,PHN2ZyB3aWR0aD0iMSIgaGVpZ2h0PSIxIiB4bWxucz0iaHR0cDovL3d3dy53My5vcmcvMjAwMC9zdmciPjwvc3ZnPg==\" class=\"lazyload\" data-load-mode=\"1\"><\/iframe><\/figure>\n\n\n\n<p><strong>Confira, na \u00edntegra, a nota:<\/strong><\/p>\n\n\n\n<p>De acordo com a dire\u00e7\u00e3o da Unidade de Pronto Atendimento (UPA) Dr. Luiz Lindbergh Farias, localizada no bairro dos Banc\u00e1rios, a paciente de 56 anos deu entrada nessa ter\u00e7a-feira (13), \u00e0s 13h, agitada e agressiva com os profissionais do servi\u00e7o e outros pacientes para fazer uso do medicamento benzilpenicilina benzatina para tratamento de Erisipela, uma infec\u00e7\u00e3o cut\u00e2nea causada geralmente por bact\u00e9ria e, por este motivo, na classifica\u00e7\u00e3o de risco, foi classificada como azul.<\/p>\n\n\n\n<p>Na primeira avalia\u00e7\u00e3o, a usu\u00e1ria estava consciente, orientada, com press\u00e3o arterial normal e sinais vitais preservados, sem queixas no momento da avalia\u00e7\u00e3o e, portanto, sem indica\u00e7\u00e3o para atendimento de urg\u00eancia ou imediato. Ainda, de acordo com a dire\u00e7\u00e3o do servi\u00e7o, os profissionais fizeram o acolhimento e, foi realizado todo atendimento cl\u00ednico. A paciente foi medicada e recebeu alta ainda na tarde de ontem.<\/p>\n\n\n\n<p>Classifica\u00e7\u00e3o de Risco \u2013 A classifica\u00e7\u00e3o de risco serve para avaliar e identificar os pacientes que necessitam de atendimento priorit\u00e1rio, de acordo com a gravidade cl\u00ednica, potencial de risco, agravos \u00e0 sa\u00fade ou grau de sofrimento. Para a classifica\u00e7\u00e3o de risco nos servi\u00e7os, a Rede Municipal de Sa\u00fade segue o Protocolo de Manchester, um dos modelos mais utilizados no Brasil.<\/p>\n\n\n\n<p>Segundo o protocolo, o paciente \u00e9 classificado na cor vermelha como atendimento emergente, devendo ser atendido imediatamente; na cor laranja, como caso muito urgente e atendimento em 10 minutos; cor amarela para atendimento urgente, devendo o paciente ser atendido em at\u00e9 60 minutos; cor verde como atendimento pouco urgente com espera de at\u00e9 120 minutos; e na cor azul como n\u00e3o urgente e atendimento em at\u00e9 240 minutos.<\/p>\n\n\n\n<p><em>Reda\u00e7\u00e3o Para\u00edba Debate com informa\u00e7\u00f5es da TV Arapuan<\/em><\/p>\n","protected":false},"excerpt":{"rendered":"<p>Um caso inusitado aconteceu ontem (13) na Unidade de Pronto Atendimento (UPA) dos Banc\u00e1rios, em Jo\u00e3o Pessoa, e repercutiu nesta quarta-feira (14) ap\u00f3s a TV&hellip; <\/p>\n","protected":false},"author":1,"featured_media":110939,"comment_status":"closed","ping_status":"closed","sticky":false,"template":"","format":"standard","meta":{"sfsi_plus_gutenberg_text_before_share":"","sfsi_plus_gutenberg_show_text_before_share":"","sfsi_plus_gutenberg_icon_type":"","sfsi_plus_gutenberg_icon_alignemt":"","sfsi_plus_gutenburg_max_per_row":"","footnotes":""},"categories":[50,12],"tags":[],"class_list":["post-110938","post","type-post","status-publish","format-standard","has-post-thumbnail","hentry","category-destaque","category-policia"],"_links":{"self":[{"href":"https:\/\/www.caririemacao.com\/1\/wp-json\/wp\/v2\/posts\/110938","targetHints":{"allow":["GET"]}}],"collection":[{"href":"https:\/\/www.caririemacao.com\/1\/wp-json\/wp\/v2\/posts"}],"about":[{"href":"https:\/\/www.caririemacao.com\/1\/wp-json\/wp\/v2\/types\/post"}],"author":[{"embeddable":true,"href":"https:\/\/www.caririemacao.com\/1\/wp-json\/wp\/v2\/users\/1"}],"replies":[{"embeddable":true,"href":"https:\/\/www.caririemacao.com\/1\/wp-json\/wp\/v2\/comments?post=110938"}],"version-history":[{"count":1,"href":"https:\/\/www.caririemacao.com\/1\/wp-json\/wp\/v2\/posts\/110938\/revisions"}],"predecessor-version":[{"id":110940,"href":"https:\/\/www.caririemacao.com\/1\/wp-json\/wp\/v2\/posts\/110938\/revisions\/110940"}],"wp:featuredmedia":[{"embeddable":true,"href":"https:\/\/www.caririemacao.com\/1\/wp-json\/wp\/v2\/media\/110939"}],"wp:attachment":[{"href":"https:\/\/www.caririemacao.com\/1\/wp-json\/wp\/v2\/media?parent=110938"}],"wp:term":[{"taxonomy":"category","embeddable":true,"href":"https:\/\/www.caririemacao.com\/1\/wp-json\/wp\/v2\/categories?post=110938"},{"taxonomy":"post_tag","embeddable":true,"href":"https:\/\/www.caririemacao.com\/1\/wp-json\/wp\/v2\/tags?post=110938"}],"curies":[{"name":"wp","href":"https:\/\/api.w.org\/{rel}","templated":true}]}}