{"id":110945,"date":"2019-08-18T17:04:10","date_gmt":"2019-08-18T20:04:10","guid":{"rendered":"http:\/\/www.caririemacao.com\/1\/?p=110945"},"modified":"2019-08-18T17:04:10","modified_gmt":"2019-08-18T20:04:10","slug":"prefeitura-do-cariri-apreende-animais-soltos-proprietarios-terao-que-pagar-multa","status":"publish","type":"post","link":"https:\/\/www.caririemacao.com\/1\/2019\/08\/18\/prefeitura-do-cariri-apreende-animais-soltos-proprietarios-terao-que-pagar-multa\/","title":{"rendered":"Prefeitura do Cariri apreende animais soltos; propriet\u00e1rios ter\u00e3o que pagar multa"},"content":{"rendered":"\n<p>A Prefeitura da cidade de Monteiro, no Cariri, &nbsp;por meio da Secretaria de Infraestrutura, apreendeu neste domingo (18) dois cavalos, soltos no per\u00edmetro urbano do munic\u00edpio.<\/p>\n\n\n\n<p>De acordo com o secret\u00e1rio de Infraestrutura, Juraci Conrado, os animais apreendidos ficar\u00e3o no curral da feira de gado e os respons\u00e1veis ter\u00e3o que pagar uma multa na Secretaria da Receita.<\/p>\n\n\n\n<p>O secret\u00e1rio expressou ainda que os casos ser\u00e3o encaminhados ao Minist\u00e9rio P\u00fablico.<\/p>\n\n\n\n<p><strong>Blog do Bruno Lira<\/strong><\/p>\n","protected":false},"excerpt":{"rendered":"<p>A Prefeitura da cidade de Monteiro, no Cariri, &nbsp;por meio da Secretaria de Infraestrutura, apreendeu neste domingo (18) dois cavalos, soltos no per\u00edmetro urbano do&hellip; <\/p>\n","protected":false},"author":1,"featured_media":110946,"comment_status":"closed","ping_status":"closed","sticky":false,"template":"","format":"standard","meta":{"sfsi_plus_gutenberg_text_before_share":"","sfsi_plus_gutenberg_show_text_before_share":"","sfsi_plus_gutenberg_icon_type":"","sfsi_plus_gutenberg_icon_alignemt":"","sfsi_plus_gutenburg_max_per_row":"","footnotes":""},"categories":[6,50],"tags":[],"class_list":["post-110945","post","type-post","status-publish","format-standard","has-post-thumbnail","hentry","category-cidades","category-destaque"],"_links":{"self":[{"href":"https:\/\/www.caririemacao.com\/1\/wp-json\/wp\/v2\/posts\/110945","targetHints":{"allow":["GET"]}}],"collection":[{"href":"https:\/\/www.caririemacao.com\/1\/wp-json\/wp\/v2\/posts"}],"about":[{"href":"https:\/\/www.caririemacao.com\/1\/wp-json\/wp\/v2\/types\/post"}],"author":[{"embeddable":true,"href":"https:\/\/www.caririemacao.com\/1\/wp-json\/wp\/v2\/users\/1"}],"replies":[{"embeddable":true,"href":"https:\/\/www.caririemacao.com\/1\/wp-json\/wp\/v2\/comments?post=110945"}],"version-history":[{"count":1,"href":"https:\/\/www.caririemacao.com\/1\/wp-json\/wp\/v2\/posts\/110945\/revisions"}],"predecessor-version":[{"id":110947,"href":"https:\/\/www.caririemacao.com\/1\/wp-json\/wp\/v2\/posts\/110945\/revisions\/110947"}],"wp:featuredmedia":[{"embeddable":true,"href":"https:\/\/www.caririemacao.com\/1\/wp-json\/wp\/v2\/media\/110946"}],"wp:attachment":[{"href":"https:\/\/www.caririemacao.com\/1\/wp-json\/wp\/v2\/media?parent=110945"}],"wp:term":[{"taxonomy":"category","embeddable":true,"href":"https:\/\/www.caririemacao.com\/1\/wp-json\/wp\/v2\/categories?post=110945"},{"taxonomy":"post_tag","embeddable":true,"href":"https:\/\/www.caririemacao.com\/1\/wp-json\/wp\/v2\/tags?post=110945"}],"curies":[{"name":"wp","href":"https:\/\/api.w.org\/{rel}","templated":true}]}}