{"id":110957,"date":"2019-08-19T07:11:56","date_gmt":"2019-08-19T10:11:56","guid":{"rendered":"http:\/\/www.caririemacao.com\/1\/?p=110957"},"modified":"2019-08-19T07:11:56","modified_gmt":"2019-08-19T10:11:56","slug":"homem-morre-em-acidente-em-motocicleta-na-zona-rural-de-jatauba-pe","status":"publish","type":"post","link":"https:\/\/www.caririemacao.com\/1\/2019\/08\/19\/homem-morre-em-acidente-em-motocicleta-na-zona-rural-de-jatauba-pe\/","title":{"rendered":"Homem morre em acidente em motocicleta na zona rural de jataub\u00e1-PE"},"content":{"rendered":"\n<figure class=\"wp-block-image\"><img decoding=\"async\" data-src=\"https:\/\/1.bp.blogspot.com\/-QiU7Ia19dhk\/XVpBkx-xI_I\/AAAAAAAAS8o\/T-w6j4y6aM4oSwlRqRB9jzoQLX-OvUnlwCLcBGAs\/s640\/IMG-20190819-WA0062.jpg\" alt=\"\" src=\"data:image\/svg+xml;base64,PHN2ZyB3aWR0aD0iMSIgaGVpZ2h0PSIxIiB4bWxucz0iaHR0cDovL3d3dy53My5vcmcvMjAwMC9zdmciPjwvc3ZnPg==\" class=\"lazyload\" \/><\/figure>\n\n\n\n<p><strong>Um Acidente com vitima fatal ocorreu por volta das 22h40 da noite deste domingo, 18, na Zona Rural de Jata\u00faba, agreste pernambucano.&nbsp;<\/strong><strong><br><\/strong><strong>Segundo informa\u00e7\u00f5es apuradas pelo Blog do Alberto Barbosa, \u00e9 que&nbsp; um homem conhecido por &#8220;Eriberto&#8221; perdeu o controle da sua motocicleta e n\u00e3o resistiu aos ferimentos. Vindo a \u00f3bito no local.&nbsp; O acidente ocorreu no S\u00edtio Riacho das \u00c9guas, sentido Vila da Passagem do T\u00f3, logo ap\u00f3s o bar de &#8216;Chiquinho&#8217;.&nbsp;<\/strong><\/p>\n\n\n\n<figure class=\"wp-block-image\"><img decoding=\"async\" data-src=\"https:\/\/1.bp.blogspot.com\/-RLDurPblg38\/XVpBkhAvsoI\/AAAAAAAAS8k\/c7KqpoN6z7kza3vvNs-GxgMnYzKRpiekwCLcBGAs\/s320\/IMG-20190819-WA0095.jpg\" alt=\"\" src=\"data:image\/svg+xml;base64,PHN2ZyB3aWR0aD0iMSIgaGVpZ2h0PSIxIiB4bWxucz0iaHR0cDovL3d3dy53My5vcmcvMjAwMC9zdmciPjwvc3ZnPg==\" class=\"lazyload\" \/><\/figure>\n\n\n\n<p><strong>Alguns populares que moram pr\u00f3ximo ao local do acidente, ouviram aquele barulho, e foram l\u00e1, ao se aproximarem viram um corpo de um homem e proximo a moto Pop de cor branca.&nbsp;<\/strong><\/p>\n\n\n\n<figure class=\"wp-block-image\"><img decoding=\"async\" data-src=\"https:\/\/1.bp.blogspot.com\/-zmngcetN4vw\/XVpBk3XZhRI\/AAAAAAAAS8s\/Gvwi8dasc3UqbasIjjr0zn0-rQuirLnUACLcBGAs\/s320\/IMG-20190819-WA0096.jpg\" alt=\"\" src=\"data:image\/svg+xml;base64,PHN2ZyB3aWR0aD0iMSIgaGVpZ2h0PSIxIiB4bWxucz0iaHR0cDovL3d3dy53My5vcmcvMjAwMC9zdmciPjwvc3ZnPg==\" class=\"lazyload\" \/><\/figure>\n\n\n\n<p><strong>De imediato acionaram o Samu, a equipe se deslocou at\u00e9 o referido local. Ao chegarem, a v\u00edtima j\u00e1 estava em \u00f3bito. Devido a gravidade do acidente. No entanto, o homem n\u00e3o portava documentos e nem a Moto havia placa, dificultando a identifica\u00e7\u00e3o do mesmo.&nbsp;<\/strong><br><\/p>\n\n\n\n<figure class=\"wp-block-image\"><img decoding=\"async\" data-src=\"https:\/\/1.bp.blogspot.com\/-6iwm-N0p4es\/XVpBlaZ--0I\/AAAAAAAAS8w\/ndEydDQF5RYYDERNQBzW_H_YcgIvEfUwQCLcBGAs\/s320\/IMG-20190819-WA0097.jpg\" alt=\"\" src=\"data:image\/svg+xml;base64,PHN2ZyB3aWR0aD0iMSIgaGVpZ2h0PSIxIiB4bWxucz0iaHR0cDovL3d3dy53My5vcmcvMjAwMC9zdmciPjwvc3ZnPg==\" class=\"lazyload\" \/><\/figure>\n\n\n\n<p><strong>Ao ser comunicado sobre o que estava ocorrendo, nosso Blog come\u00e7ou a basculhar\/comunicar em v\u00e1rios grupos da regi\u00e3o, e em contatos com diversos amigos.&nbsp; Foi quando um da cidade do Brejo da Madre de Deus, disse que seria &#8216;Eriberto&#8217; que a familia tinha um frigor\u00edfico pr\u00f3ximo a casa do ex-prefeito DR. Edson.<\/strong><strong><br><\/strong><\/p>\n\n\n\n<figure class=\"wp-block-image\"><img decoding=\"async\" data-src=\"https:\/\/1.bp.blogspot.com\/-VmPxajW9Vxo\/XVpI7Qwg8AI\/AAAAAAAAS9I\/U1L0rWcFf_wWEiLBW8g8dQXiHadu_O0lQCLcBGAs\/s400\/IMG-20190819-WA0057.jpg\" alt=\"\" src=\"data:image\/svg+xml;base64,PHN2ZyB3aWR0aD0iMSIgaGVpZ2h0PSIxIiB4bWxucz0iaHR0cDovL3d3dy53My5vcmcvMjAwMC9zdmciPjwvc3ZnPg==\" class=\"lazyload\" \/><\/figure>\n\n\n\n<figure class=\"wp-block-image\"><img decoding=\"async\" data-src=\"https:\/\/1.bp.blogspot.com\/-Z7Mgs4W0BiM\/XVpI9lnDYkI\/AAAAAAAAS9M\/4KcCGbtPQhQsGt-gv8rKnvkkhasizdDtQCLcBGAs\/s400\/IMG-20190819-WA0058.jpg\" alt=\"\" src=\"data:image\/svg+xml;base64,PHN2ZyB3aWR0aD0iMSIgaGVpZ2h0PSIxIiB4bWxucz0iaHR0cDovL3d3dy53My5vcmcvMjAwMC9zdmciPjwvc3ZnPg==\" class=\"lazyload\" \/><\/figure>\n\n\n\n<p><strong><br><\/strong><strong><br><\/strong><strong>Foi quando o mesmo entrou em contato com a esposa da v\u00edtima e ela confirmou que o esposo tinha ido ao S\u00edtio Mimoso e n\u00e3o teria chegado.&nbsp; Confirmando que ele estava na referida motocicleta. A mesma ao ver as imagens, confirmou ser o &#8216;Eriberto.&nbsp;<\/strong><strong><br><\/strong><strong>A irm\u00e3 da v\u00edtima foi at\u00e9 o local do acidente e&nbsp; fez o reconhecimento.<\/strong><strong><br><\/strong><strong>A Pol\u00edcia foi at\u00e9 o local junto com a Guarda Civil Comunit\u00e1ria. Onde fez o isolamento da \u00e1rea at\u00e9 a chegada da per\u00edcia.&nbsp;<\/strong><strong><br><\/strong><strong>O corpo foi encaminhado parao IML de Caruaru.<\/strong><strong><br><\/strong><strong>Com o Apoio da Samu; Nildinho&nbsp;e Lucineide<\/strong><strong>*EFETIVO GCM*<\/strong><strong>CMT Marinaldo<\/strong><strong>GCM Gomes<\/strong><strong>GCM Mike<\/strong><strong>GCM Carvalho<\/strong><strong>GCM Erivaldo<\/strong><strong>*EFETIVO PM*<\/strong><strong>SD Michelangelo<\/strong><strong>SD Mota<\/strong><br><\/p>\n","protected":false},"excerpt":{"rendered":"<p>Um Acidente com vitima fatal ocorreu por volta das 22h40 da noite deste domingo, 18, na Zona Rural de Jata\u00faba, agreste pernambucano.&nbsp;Segundo informa\u00e7\u00f5es apuradas pelo&hellip; <\/p>\n","protected":false},"author":1,"featured_media":110958,"comment_status":"closed","ping_status":"closed","sticky":false,"template":"","format":"standard","meta":{"sfsi_plus_gutenberg_text_before_share":"","sfsi_plus_gutenberg_show_text_before_share":"","sfsi_plus_gutenberg_icon_type":"","sfsi_plus_gutenberg_icon_alignemt":"","sfsi_plus_gutenburg_max_per_row":"","footnotes":""},"categories":[2],"tags":[],"class_list":["post-110957","post","type-post","status-publish","format-standard","has-post-thumbnail","hentry","category-geral"],"_links":{"self":[{"href":"https:\/\/www.caririemacao.com\/1\/wp-json\/wp\/v2\/posts\/110957","targetHints":{"allow":["GET"]}}],"collection":[{"href":"https:\/\/www.caririemacao.com\/1\/wp-json\/wp\/v2\/posts"}],"about":[{"href":"https:\/\/www.caririemacao.com\/1\/wp-json\/wp\/v2\/types\/post"}],"author":[{"embeddable":true,"href":"https:\/\/www.caririemacao.com\/1\/wp-json\/wp\/v2\/users\/1"}],"replies":[{"embeddable":true,"href":"https:\/\/www.caririemacao.com\/1\/wp-json\/wp\/v2\/comments?post=110957"}],"version-history":[{"count":1,"href":"https:\/\/www.caririemacao.com\/1\/wp-json\/wp\/v2\/posts\/110957\/revisions"}],"predecessor-version":[{"id":110959,"href":"https:\/\/www.caririemacao.com\/1\/wp-json\/wp\/v2\/posts\/110957\/revisions\/110959"}],"wp:featuredmedia":[{"embeddable":true,"href":"https:\/\/www.caririemacao.com\/1\/wp-json\/wp\/v2\/media\/110958"}],"wp:attachment":[{"href":"https:\/\/www.caririemacao.com\/1\/wp-json\/wp\/v2\/media?parent=110957"}],"wp:term":[{"taxonomy":"category","embeddable":true,"href":"https:\/\/www.caririemacao.com\/1\/wp-json\/wp\/v2\/categories?post=110957"},{"taxonomy":"post_tag","embeddable":true,"href":"https:\/\/www.caririemacao.com\/1\/wp-json\/wp\/v2\/tags?post=110957"}],"curies":[{"name":"wp","href":"https:\/\/api.w.org\/{rel}","templated":true}]}}