{"id":110966,"date":"2019-08-19T07:14:31","date_gmt":"2019-08-19T10:14:31","guid":{"rendered":"http:\/\/www.caririemacao.com\/1\/?p=110966"},"modified":"2019-08-19T07:14:31","modified_gmt":"2019-08-19T10:14:31","slug":"policia-apreende-veiculo-clonado-em-monteiro","status":"publish","type":"post","link":"https:\/\/www.caririemacao.com\/1\/2019\/08\/19\/policia-apreende-veiculo-clonado-em-monteiro\/","title":{"rendered":"Policia apreende ve\u00edculo clonado em Monteiro"},"content":{"rendered":"\n<p>Na noite deste domingo (18), a guarni\u00e7\u00e3o da pol\u00edcia militar comandada pelo Major Coronel Samaroni e o Major Bruno, foram at\u00e9 o Bar do Gago, na sa\u00edda de Monteiro para Sert\u00e2nia, onde passaram a abordar ve\u00edculos e pessoas que ali estavam, quando desconfiaram do ve\u00edculo Toyota Corolla, placa -QFJ-2916-PB, pois o nome Detran estava se soltando, de ambas as placas e quando o propriet\u00e1rio estava saindo do local foi abordado, ao averiguar as tarjetas de seguran\u00e7a do ve\u00edculo, as mesmas estavam se apagando ao passar o dedo.<\/p>\n\n\n\n<p>O propriet\u00e1rio disse que ainda n\u00e3o tinha emplacado 2019, sendo que no sistema j\u00e1 estava constando como licenciado, no entanto, a PMPB conduziu o ve\u00edculo e o condutor propriet\u00e1rio a Delegacia de pol\u00edcia civil de Monteiro, onde se verificou pelo infoseg e os agentes ligaram para o verdadeiro propriet\u00e1rio de nome Francisco Faustino da Silva, que confirmou que o seu Corolla placa-QFJ- 2916-PB, estava em sua posse na cidade de Santa Cruz-PB.<\/p>\n\n\n\n<p>Desta forma, o ve\u00edculo Corolla \u00e9 clonado. O acusado est\u00e1 a disposi\u00e7\u00e3o da justi\u00e7a.<\/p>\n\n\n\n<p><strong>HORA1PB<\/strong><\/p>\n\n\n\n<div class=\"wp-block-image\"><figure class=\"aligncenter\"><img decoding=\"async\" data-src=\"http:\/\/hora1pb.com.br\/wp-content\/uploads\/2019\/08\/leo-2.jpg\" alt=\"\" class=\"wp-image-14991 lazyload\" src=\"data:image\/svg+xml;base64,PHN2ZyB3aWR0aD0iMSIgaGVpZ2h0PSIxIiB4bWxucz0iaHR0cDovL3d3dy53My5vcmcvMjAwMC9zdmciPjwvc3ZnPg==\" \/><\/figure><\/div>\n","protected":false},"excerpt":{"rendered":"<p>Na noite deste domingo (18), a guarni\u00e7\u00e3o da pol\u00edcia militar comandada pelo Major Coronel Samaroni e o Major Bruno, foram at\u00e9 o Bar do Gago,&hellip; <\/p>\n","protected":false},"author":1,"featured_media":110967,"comment_status":"closed","ping_status":"closed","sticky":false,"template":"","format":"standard","meta":{"sfsi_plus_gutenberg_text_before_share":"","sfsi_plus_gutenberg_show_text_before_share":"","sfsi_plus_gutenberg_icon_type":"","sfsi_plus_gutenberg_icon_alignemt":"","sfsi_plus_gutenburg_max_per_row":"","footnotes":""},"categories":[12],"tags":[],"class_list":["post-110966","post","type-post","status-publish","format-standard","has-post-thumbnail","hentry","category-policia"],"_links":{"self":[{"href":"https:\/\/www.caririemacao.com\/1\/wp-json\/wp\/v2\/posts\/110966","targetHints":{"allow":["GET"]}}],"collection":[{"href":"https:\/\/www.caririemacao.com\/1\/wp-json\/wp\/v2\/posts"}],"about":[{"href":"https:\/\/www.caririemacao.com\/1\/wp-json\/wp\/v2\/types\/post"}],"author":[{"embeddable":true,"href":"https:\/\/www.caririemacao.com\/1\/wp-json\/wp\/v2\/users\/1"}],"replies":[{"embeddable":true,"href":"https:\/\/www.caririemacao.com\/1\/wp-json\/wp\/v2\/comments?post=110966"}],"version-history":[{"count":1,"href":"https:\/\/www.caririemacao.com\/1\/wp-json\/wp\/v2\/posts\/110966\/revisions"}],"predecessor-version":[{"id":110968,"href":"https:\/\/www.caririemacao.com\/1\/wp-json\/wp\/v2\/posts\/110966\/revisions\/110968"}],"wp:featuredmedia":[{"embeddable":true,"href":"https:\/\/www.caririemacao.com\/1\/wp-json\/wp\/v2\/media\/110967"}],"wp:attachment":[{"href":"https:\/\/www.caririemacao.com\/1\/wp-json\/wp\/v2\/media?parent=110966"}],"wp:term":[{"taxonomy":"category","embeddable":true,"href":"https:\/\/www.caririemacao.com\/1\/wp-json\/wp\/v2\/categories?post=110966"},{"taxonomy":"post_tag","embeddable":true,"href":"https:\/\/www.caririemacao.com\/1\/wp-json\/wp\/v2\/tags?post=110966"}],"curies":[{"name":"wp","href":"https:\/\/api.w.org\/{rel}","templated":true}]}}